{"id":102313,"date":"2021-03-30T11:11:28","date_gmt":"2021-03-30T14:11:28","guid":{"rendered":"http:\/\/www.rieles.com\/front\/?p=102313"},"modified":"2021-03-30T11:11:28","modified_gmt":"2021-03-30T14:11:28","slug":"dia-historico-en-neuquen-el-tren-del-valle-ya-llega-a-plottier","status":"publish","type":"post","link":"https:\/\/www.rieles.com\/front\/dia-historico-en-neuquen-el-tren-del-valle-ya-llega-a-plottier\/","title":{"rendered":"D\u00eda hist\u00f3rico en Neuqu\u00e9n: el Tren del Valle ya llega a Plottier"},"content":{"rendered":"<p style=\"text-align: justify;\"><strong>Neuqu\u00e9n &#8211; Argentina &#8211; 30\/03\/2021:\u00a0<\/strong>Despu\u00e9s de todas las gestiones y los preparativos, el sue\u00f1o de que el Tren del Valle llegue hasta la ciudad de Plottier se hizo realidad. Hoy, despu\u00e9s de 29 a\u00f1os, comenz\u00f3 a funcionar el servicio que une esta localidad neuquina con la ciudad capital.<\/p>\n<p style=\"text-align: justify;\">Hace diez d\u00edas atr\u00e1s se hab\u00eda realizado el viaje de prueba del que participaron el ministro de Transporte de la Naci\u00f3n, Mario Meoni, el gobernador neuquino, Omar Guti\u00e9rrez y el intendente capitalino, Mariano Gaido. Ahora el Tren del Valle ya funciona para toda la ciudadan\u00eda.<\/p>\n<p style=\"text-align: justify;\"><img decoding=\"async\" src=\"https:\/\/img.minutoneuquen.com\/u\/fotografias\/m\/2021\/3\/29\/f800x450-459925_511371_2955.jpeg\" alt=\"D\u00eda hist\u00f3rico en Neuqu\u00e9n: el Tren del Valle ya llega a Plottier\" \/><\/p>\n<p style=\"text-align: center;\"><strong>D\u00eda hist\u00f3rico en Neuqu\u00e9n: el Tren del Valle ya llega a PlottierTren del Valle. Fuente: (Twitter).<\/strong><\/p>\n<p style=\"text-align: justify;\">Esta iniciativa se ha podido llevar adelante debido al trabajo conjunto que realiz\u00f3 el Ejecutivo provincial con las autoridades nacionales. A su vez, Mariano Gaido record\u00f3 que est\u00e1 contemplada la construcci\u00f3n de cinco apeaderos para facilitar la conectividad entre ambas ciudades.<\/p>\n<p style=\"text-align: justify;\">Las estaciones en la que parar\u00e1 este transporte p\u00fablico estar\u00e1n ubicadas en algunos puntos estrat\u00e9gicos. Ser\u00e1n en el Parque Central, la calle Ignacio Rivas, la ETON, el Cholar y el Aeropuerto de Neuqu\u00e9n. Por otro lado, est\u00e1 vigente el llamado a licitaci\u00f3n para los apeaderos que se construir\u00e1n en el barrio Uni\u00f3n y sobre la calle Constituyentes, que financiar\u00e1 el Gobierno Nacional.<\/p>\n<p style=\"text-align: justify;\"><img decoding=\"async\" src=\"https:\/\/www.minutoneuquen.com\/u\/fotografias\/m\/2021\/3\/29\/f768x400-459926_503829_5050.jpeg\" \/><\/p>\n<p style=\"text-align: justify;\">En su cuenta de Twitter, Mariano Gaido se mostr\u00f3 emocionado con el funcionamiento del Tren del Valle y expres\u00f3: \u00ablleg\u00f3 el d\u00eda y, luego de 29 a\u00f1os, los ciudadanos de esta metr\u00f3polis tienen una nueva alternativa para trasladarse a un costo accesible y de manera segura\u00bb.<\/p>\n<p><img decoding=\"async\" src=\"https:\/\/www.minutoneuquen.com\/u\/fotografias\/m\/2021\/3\/29\/f768x400-459927_503830_5050.jpeg\" \/><\/p>\n<p style=\"text-align: justify;\"><strong>El Tren del Valle<\/strong>: los horarios y los precios del pasaje<\/p>\n<p style=\"text-align: justify;\">En este nuevo recorrido, para ir de Neuqu\u00e9n Capital a Plottier habr\u00e1 seis frecuencias: a las 07.45, 8.55, 10.25, 17.05, 18.15 y 19.25. Mientras que, en el otro sentido, habr\u00e1 solo cuatro que ser\u00e1n a las 6, 7.50, 15.20 y 17 horas. Adem\u00e1s, el valor del boleto ser\u00e1 de $22 para los que tengan tarjeta SUBE y $39 para los que no cuenten con este beneficio.<\/p>\n<p><strong>Fuente:\u00a0<a href=\"https:\/\/www.minutoneuquen.com\/neuquen\/2021\/3\/29\/dia-historico-en-neuquen-el-tren-del-valle-ya-llega-plottier-282680.html\" target=\"_blank\" rel=\"noopener\"><span style=\"color: #ff0000;\">Minuto Neuqu\u00e9n<\/span><\/a><\/strong><\/p>\n","protected":false},"excerpt":{"rendered":"<p>Neuqu\u00e9n &#8211; Argentina &#8211; 30\/03\/2021:\u00a0Despu\u00e9s de todas las gestiones y los preparativos, el sue\u00f1o de que el Tren del Valle llegue hasta la ciudad de Plottier se hizo realidad. Hoy, despu\u00e9s de 29 a\u00f1os, comenz\u00f3 a funcionar el servicio que une esta localidad neuquina con la ciudad capital. Hace diez d\u00edas atr\u00e1s se hab\u00eda realizado [&hellip;]<\/p>\n","protected":false},"author":1,"featured_media":100956,"comment_status":"closed","ping_status":"open","sticky":false,"template":"","format":"standard","meta":{"footnotes":""},"categories":[4],"tags":[10855,9105,9644],"class_list":{"0":"post-102313","1":"post","2":"type-post","3":"status-publish","4":"format-standard","5":"has-post-thumbnail","7":"category-nacionales","8":"tag-10855","9":"tag-actualidad","10":"tag-news"},"_links":{"self":[{"href":"https:\/\/www.rieles.com\/front\/wp-json\/wp\/v2\/posts\/102313","targetHints":{"allow":["GET"]}}],"collection":[{"href":"https:\/\/www.rieles.com\/front\/wp-json\/wp\/v2\/posts"}],"about":[{"href":"https:\/\/www.rieles.com\/front\/wp-json\/wp\/v2\/types\/post"}],"author":[{"embeddable":true,"href":"https:\/\/www.rieles.com\/front\/wp-json\/wp\/v2\/users\/1"}],"replies":[{"embeddable":true,"href":"https:\/\/www.rieles.com\/front\/wp-json\/wp\/v2\/comments?post=102313"}],"version-history":[{"count":1,"href":"https:\/\/www.rieles.com\/front\/wp-json\/wp\/v2\/posts\/102313\/revisions"}],"predecessor-version":[{"id":102314,"href":"https:\/\/www.rieles.com\/front\/wp-json\/wp\/v2\/posts\/102313\/revisions\/102314"}],"wp:featuredmedia":[{"embeddable":true,"href":"https:\/\/www.rieles.com\/front\/wp-json\/wp\/v2\/media\/100956"}],"wp:attachment":[{"href":"https:\/\/www.rieles.com\/front\/wp-json\/wp\/v2\/media?parent=102313"}],"wp:term":[{"taxonomy":"category","embeddable":true,"href":"https:\/\/www.rieles.com\/front\/wp-json\/wp\/v2\/categories?post=102313"},{"taxonomy":"post_tag","embeddable":true,"href":"https:\/\/www.rieles.com\/front\/wp-json\/wp\/v2\/tags?post=102313"}],"curies":[{"name":"wp","href":"https:\/\/api.w.org\/{rel}","templated":true}]}}