{"id":102424,"date":"2021-04-07T07:52:02","date_gmt":"2021-04-07T10:52:02","guid":{"rendered":"http:\/\/www.rieles.com\/front\/?p=102424"},"modified":"2021-04-07T07:52:02","modified_gmt":"2021-04-07T10:52:02","slug":"el-belgrano-sur-podria-volver-a-llegar-a-la-salada-y-mas-adelante-a-fiorito","status":"publish","type":"post","link":"https:\/\/www.rieles.com\/front\/el-belgrano-sur-podria-volver-a-llegar-a-la-salada-y-mas-adelante-a-fiorito\/","title":{"rendered":"El Belgrano Sur podr\u00eda volver a llegar a La Salada y m\u00e1s adelante, a Fiorito"},"content":{"rendered":"<p style=\"text-align: justify;\"><strong>Buenos Aires &#8211; Argentina &#8211; 07\/04\/2021:\u00a0<\/strong>Varias cuadrillas realizan desde hace un mes tareas de despeje y de mantenimiento de v\u00edas entre las estaciones Kil\u00f3metro 12 y La Salada del ramal Puente Alsina-Aldo Bonzi del fe- rrocarril Belgrano Sur, cuyos servicios est\u00e1n suspendidos desde 2017.<\/p>\n<p style=\"text-align: justify;\">El objetivo es recuperar las v\u00edas para que se pueda extender el servicio Libertad-Km 12 (en el partido de Merlo) hasta La Salada, y en una siguiente etapa hasta la estaci\u00f3n Fiorito (recientemente rebautizada Diego Maradona).<\/p>\n<p style=\"text-align: justify;\">As\u00ed, el ramal Alsina\u2013Bonzi podr\u00eda volver a contar con servicios en al menos un tramo.<\/p>\n<p style=\"text-align: justify;\">En cambio, desde Trenes Argentinos consideran que seria \u201ccompleja\u201d la reactivaci\u00f3n de la parte entre Fiorito y Puente Alsina, debido a los asentamientos que se armaron junto a las v\u00edas del tren. \u201cEs un ramal que cerr\u00f3 la gesti\u00f3n anterior y ahora se est\u00e1 trabajando con los municipios para la reubicaci\u00f3n de unas 600 familias que viven directamente sobre las v\u00edas o en zona ferroviaria\u201d, cuentan desde la empresa estatal.<\/p>\n<p style=\"text-align: justify;\">Tambi\u00e9n confirmaron que est\u00e1 en estudio la \u201chabilitaci\u00f3n por tramos\u201d.<\/p>\n<p style=\"text-align: justify;\">Asimismo sostuvieron: \u201cHay mucha usurpaci\u00f3n en todo este tiempo que estuvo varado, hay construcciones incluso en algunas zonas sobre v\u00edas\u201d.<\/p>\n<p style=\"text-align: justify;\">Seg\u00fan informaron, se est\u00e1 estudiando que se realice algo a corto plazo para resolver la situaci\u00f3n de las familias instaladas sobre las v\u00edas. Mientras tanto, en paralelo a esto, grupos de voluntarios, con apoyo de la Uni\u00f3n Ferroviaria, avanzan en el desmalezamiento y poda de \u00e1rboles, fumigaci\u00f3n y remoci\u00f3n de residuos.<\/p>\n<p style=\"text-align: justify;\">El plan es que el actual servicio Kil\u00f3metro 12\u2013Libertad implementado en 2018, tras el cierre del ramal a Puente Alsina, pueda ser extendido hasta La Salada. Todav\u00eda no est\u00e1 oficialmente definida ninguna fecha o plazo para la reactivaci\u00f3n de este tramo.<\/p>\n<p style=\"text-align: justify;\">La infraestructura del sector Kil\u00f3metro 12- La Salada, se encuentra en buen estado m\u00e1s all\u00e1 del deterioro derivado de la falta de uso, as\u00ed que la reactivaci\u00f3n no implicar\u00eda dificultades aunque s\u00ed habr\u00eda que reconstruir andenes.<\/p>\n<p style=\"text-align: justify;\">Posteriormente, la intenci\u00f3n es recuperar el tramo La Salada-Ingeniero Budge-Villa Fiorito. En el municipio de Lomas consideran que esta estaci\u00f3n podr\u00eda generar incluso inter\u00e9s tur\u00edstico por su relaci\u00f3n con Diego Maradona, quien en su juventud fue un usuario del tren. El a\u00f1o pasado, el Concejo Deliberante de Lomas de Zamora aprob\u00f3 el proyecto de rebautizar esa estaci\u00f3n con el nombre del futbolista.<\/p>\n<p style=\"text-align: justify;\">Aunque no ha habido anuncios oficiales por parte de Trenes Argentinos relacionados con este ramal, s\u00ed se encuentra en ejecuci\u00f3n una serie de obras en otros ramales del Belgrano Sur, algunas de las cuales implican la reactivaci\u00f3n de estaciones que no funcionan desde hace mucho m\u00e1s tiempo que La Salada y Fiorito, por lo cual el regreso del tren a estas localidades suena m\u00e1s posible que en a\u00f1os anteriores.<\/p>\n<p style=\"text-align: justify;\">De los proyectos en marcha, el m\u00e1s ambicioso es el de extensi\u00f3n del recorrido desde la estaci\u00f3n S\u00e1enz hasta Plaza Constituci\u00f3n (ambas en territorio de la Ciudad de Buenos Aires)\u00a0con la construcci\u00f3n de una estaci\u00f3n intermedia.<\/p>\n<p style=\"text-align: justify;\">Pero adem\u00e1s, hace algunas semanas se anunci\u00f3 la reconstrucci\u00f3n de las v\u00edas y la reactivaci\u00f3n de la estaci\u00f3n Navarro, que no funciona desde 1993.<\/p>\n<p style=\"text-align: justify;\"><strong>Fuente:\u00a0<span style=\"color: #ff0000;\">Clar\u00edn<\/span><\/strong><\/p>\n","protected":false},"excerpt":{"rendered":"<p>Buenos Aires &#8211; Argentina &#8211; 07\/04\/2021:\u00a0Varias cuadrillas realizan desde hace un mes tareas de despeje y de mantenimiento de v\u00edas entre las estaciones Kil\u00f3metro 12 y La Salada del ramal Puente Alsina-Aldo Bonzi del fe- rrocarril Belgrano Sur, cuyos servicios est\u00e1n suspendidos desde 2017. El objetivo es recuperar las v\u00edas para que se pueda extender [&hellip;]<\/p>\n","protected":false},"author":1,"featured_media":102425,"comment_status":"closed","ping_status":"open","sticky":false,"template":"","format":"standard","meta":{"footnotes":""},"categories":[4],"tags":[10855,9105,9644],"class_list":{"0":"post-102424","1":"post","2":"type-post","3":"status-publish","4":"format-standard","5":"has-post-thumbnail","7":"category-nacionales","8":"tag-10855","9":"tag-actualidad","10":"tag-news"},"_links":{"self":[{"href":"https:\/\/www.rieles.com\/front\/wp-json\/wp\/v2\/posts\/102424","targetHints":{"allow":["GET"]}}],"collection":[{"href":"https:\/\/www.rieles.com\/front\/wp-json\/wp\/v2\/posts"}],"about":[{"href":"https:\/\/www.rieles.com\/front\/wp-json\/wp\/v2\/types\/post"}],"author":[{"embeddable":true,"href":"https:\/\/www.rieles.com\/front\/wp-json\/wp\/v2\/users\/1"}],"replies":[{"embeddable":true,"href":"https:\/\/www.rieles.com\/front\/wp-json\/wp\/v2\/comments?post=102424"}],"version-history":[{"count":1,"href":"https:\/\/www.rieles.com\/front\/wp-json\/wp\/v2\/posts\/102424\/revisions"}],"predecessor-version":[{"id":102426,"href":"https:\/\/www.rieles.com\/front\/wp-json\/wp\/v2\/posts\/102424\/revisions\/102426"}],"wp:featuredmedia":[{"embeddable":true,"href":"https:\/\/www.rieles.com\/front\/wp-json\/wp\/v2\/media\/102425"}],"wp:attachment":[{"href":"https:\/\/www.rieles.com\/front\/wp-json\/wp\/v2\/media?parent=102424"}],"wp:term":[{"taxonomy":"category","embeddable":true,"href":"https:\/\/www.rieles.com\/front\/wp-json\/wp\/v2\/categories?post=102424"},{"taxonomy":"post_tag","embeddable":true,"href":"https:\/\/www.rieles.com\/front\/wp-json\/wp\/v2\/tags?post=102424"}],"curies":[{"name":"wp","href":"https:\/\/api.w.org\/{rel}","templated":true}]}}