{"id":102437,"date":"2021-04-08T08:21:29","date_gmt":"2021-04-08T11:21:29","guid":{"rendered":"http:\/\/www.rieles.com\/front\/?p=102437"},"modified":"2021-04-08T08:21:29","modified_gmt":"2021-04-08T11:21:29","slug":"piden-incluir-a-san-cristobal-en-el-proyecto-trenes-metropolitanos","status":"publish","type":"post","link":"https:\/\/www.rieles.com\/front\/piden-incluir-a-san-cristobal-en-el-proyecto-trenes-metropolitanos\/","title":{"rendered":"Piden incluir a San Crist\u00f3bal en el Proyecto Trenes Metropolitanos"},"content":{"rendered":"<p style=\"text-align: justify;\"><strong>Santa F\u00e9 &#8211; Argentina &#8211; 08\/04\/2021:\u00a0<\/strong>La historia de la ciudad esta regida por las v\u00edas de los trenes, y ante una peque\u00f1a posibilidad que se presenta, el concejal Capovilla decidi\u00f3 adelantarse y pedir que se incluya en el proyecto a la ciudad de San Crist\u00f3bal. Si el proyecto avanza, se analizar\u00e1 si la cabecera departamental estar\u00e1 o no dentro de lo ideado.<\/p>\n<p style=\"text-align: justify;\">\u201cDesde el a\u00f1o pasado que tengo conocimiento de este proyecto, con el tema de la pandemia hubo temas que quedaron de lado. El objetivo es pedir que San Crist\u00f3bal sea incorporado a este proyecto provincial donde tambi\u00e9n tiene injerencia la naci\u00f3n. El objetivo dl proyecto que se est\u00e1 pensando es reactivar la conexi\u00f3n de Santa Fe y alrededores. Mi pedido, es b\u00e1sicamente que se tenga en cuenta a San Crist\u00f3bal y que se estudie la posibilidad de incluirnos en caos de seguir adelante con el mencionado proyecto. Sabemos que, en Argentina, de un a\u00f1o para el otro, hay cambios\u201d detall\u00f3 Capovilla.<\/p>\n<p style=\"text-align: justify;\">Si bien, el proyecto esta todav\u00eda en su creaci\u00f3n la idea del concejal Juan Ignacio Capovilla fue posicionar a San Crist\u00f3bal para que sea contemplado dentro de las posibilidades cuando se ejecute.<\/p>\n<p style=\"text-align: justify;\">\u201cEste plan se desprende el proyecto del Circunvalar Santa Fe, la idea es sacar a los tres de Santa Fe y que pasen por alrededor, como una circunvalaci\u00f3n, pero de trenes, es un proyecto ambicioso, la idea es conectar Santa fe e intermedias hasta San Crist\u00f3bal. Hay que combinar los trenes de carga con los de pasajeros, aqu\u00ed tenemos todo para sumarnos a este proyecto en caso que se concrete. La cuesti\u00f3n econ\u00f3mica es fundamental, el valor de un pasaje en tren es muy inferior al de los colectivos, adem\u00e1s del servicio de encomiendas que puede brindarse\u201d concluy\u00f3.<\/p>\n<p><strong>Fuente:\u00a0<a href=\"https:\/\/eldepartamental.com\/contenido\/12762\/piden-incluir-a-san-cristobal-en-el-proyecto-trenes-metropolitanos\" target=\"_blank\" rel=\"noopener\"><span style=\"color: #ff0000;\">El Departamental<\/span><\/a><\/strong><\/p>\n","protected":false},"excerpt":{"rendered":"<p>Santa F\u00e9 &#8211; Argentina &#8211; 08\/04\/2021:\u00a0La historia de la ciudad esta regida por las v\u00edas de los trenes, y ante una peque\u00f1a posibilidad que se presenta, el concejal Capovilla decidi\u00f3 adelantarse y pedir que se incluya en el proyecto a la ciudad de San Crist\u00f3bal. Si el proyecto avanza, se analizar\u00e1 si la cabecera departamental [&hellip;]<\/p>\n","protected":false},"author":1,"featured_media":102438,"comment_status":"closed","ping_status":"open","sticky":false,"template":"","format":"standard","meta":{"footnotes":""},"categories":[4],"tags":[10855,9105,9644],"class_list":{"0":"post-102437","1":"post","2":"type-post","3":"status-publish","4":"format-standard","5":"has-post-thumbnail","7":"category-nacionales","8":"tag-10855","9":"tag-actualidad","10":"tag-news"},"_links":{"self":[{"href":"https:\/\/www.rieles.com\/front\/wp-json\/wp\/v2\/posts\/102437","targetHints":{"allow":["GET"]}}],"collection":[{"href":"https:\/\/www.rieles.com\/front\/wp-json\/wp\/v2\/posts"}],"about":[{"href":"https:\/\/www.rieles.com\/front\/wp-json\/wp\/v2\/types\/post"}],"author":[{"embeddable":true,"href":"https:\/\/www.rieles.com\/front\/wp-json\/wp\/v2\/users\/1"}],"replies":[{"embeddable":true,"href":"https:\/\/www.rieles.com\/front\/wp-json\/wp\/v2\/comments?post=102437"}],"version-history":[{"count":1,"href":"https:\/\/www.rieles.com\/front\/wp-json\/wp\/v2\/posts\/102437\/revisions"}],"predecessor-version":[{"id":102439,"href":"https:\/\/www.rieles.com\/front\/wp-json\/wp\/v2\/posts\/102437\/revisions\/102439"}],"wp:featuredmedia":[{"embeddable":true,"href":"https:\/\/www.rieles.com\/front\/wp-json\/wp\/v2\/media\/102438"}],"wp:attachment":[{"href":"https:\/\/www.rieles.com\/front\/wp-json\/wp\/v2\/media?parent=102437"}],"wp:term":[{"taxonomy":"category","embeddable":true,"href":"https:\/\/www.rieles.com\/front\/wp-json\/wp\/v2\/categories?post=102437"},{"taxonomy":"post_tag","embeddable":true,"href":"https:\/\/www.rieles.com\/front\/wp-json\/wp\/v2\/tags?post=102437"}],"curies":[{"name":"wp","href":"https:\/\/api.w.org\/{rel}","templated":true}]}}