{"id":104038,"date":"2021-07-07T09:48:42","date_gmt":"2021-07-07T12:48:42","guid":{"rendered":"http:\/\/www.rieles.com\/front\/?p=104038"},"modified":"2021-07-07T09:48:42","modified_gmt":"2021-07-07T12:48:42","slug":"la-renovacion-de-la-linea-mitre-y-un-nuevo-paradigma-para-el-transporte-publico","status":"publish","type":"post","link":"https:\/\/www.rieles.com\/front\/la-renovacion-de-la-linea-mitre-y-un-nuevo-paradigma-para-el-transporte-publico\/","title":{"rendered":"La renovaci\u00f3n de la L\u00ednea Mitre y un nuevo paradigma para el transporte p\u00fablico"},"content":{"rendered":"<p style=\"text-align: justify;\"><strong>Buenos Aires &#8211; Argentina &#8211; 07\/07\/2021:\u00a0<\/strong>El gran objetivo de la gesti\u00f3n desde Trenes Argentinos Infraestructura, en l\u00ednea con el Ministerio de Transporte de la Naci\u00f3n, es impactar de lleno en la calidad de vida de nuestras vecinas y vecinos. Alcanzar un ferrocarril de pie para que cada persona pueda desarrollarse y crecer.<\/p>\n<p style=\"text-align: justify;\">En la historia de nuestro pa\u00eds, las comunidades crecieron a la vera del tren. Con las obras sin precedente para la renovaci\u00f3n integral de la L\u00ednea Mitre, vamos a garantizar derechos a la ciudadan\u00eda, mejorar la seguridad, el confort, y llegar a un servicio moderno.<\/p>\n<p style=\"text-align: justify;\">El compromiso que asumimos es que, cuando culmine esta trasformaci\u00f3n, los pasajeros y pasajeras que hoy deben salir con tiempo y planificar combinaciones para arribar en horario a sus destinos podr\u00e1n estar en 50 minutos en Retiro desde cualquier cabecera. Con certezas y sin escalas. Con seguridad, comodidad y rapidez. En t\u00e9rmino sencillos, con mucha mayor calidad de vida.<\/p>\n<p style=\"text-align: justify;\">La mega obra que encaramos desde Trenes Argentinos Infraestructura va a modificar directamente la vida de las usuarias y los usuarios del tren. Miles de vecinas y vecinos de Tigre, Vicente L\u00f3pez, San Isidro, San Fernando, San Mart\u00edn y de la Ciudad Aut\u00f3noma de Buenos Aires que cada d\u00eda se movilizan a sus trabajos, a estudiar o a realizar tr\u00e1mites<\/p>\n<p style=\"text-align: justify;\">El ambicioso proyecto cuenta con el respaldo del Banco Mundial que nos otorg\u00f3 un cr\u00e9dito por US347 millones. La modernizaci\u00f3n ser\u00e1 total.<\/p>\n<p style=\"text-align: justify;\">Vamos a renovar 20 estaciones existentes y construir 2 nuevas, la de Facultad de Derecho y la de Bancalari. La primera servir\u00e1 de conexi\u00f3n con la l\u00ednea Belgrano Norte y con el subte H. La segunda, en mi ciudad, Tigre, nos permitir\u00e1 unir a los ramales Z\u00e1rate \u2013 Villa Ballester y Victoria \u2013 Capilla del Se\u00f1or. Tambi\u00e9n vamos a sumar una nueva estaci\u00f3n entre las de Pacheco y Benavidez.<\/p>\n<p style=\"text-align: justify;\">Estos ramales que hoy son di\u00e9sel tambi\u00e9n tendr\u00e1n una verdadera transformaci\u00f3n porque vamos a electrificar los servicios hasta El Talar y Benavidez. A la par, renovaremos las v\u00edas desde avenida Congreso hasta la estaci\u00f3n de Tigre, y desde Victoria hasta el Talar. Y vamos a poner en funcionamiento toda la parrilla de entrada y salida de formaciones de la estaci\u00f3n Retiro, lo que nos dar\u00e1 mejor frecuencia y m\u00e1s seguridad.<\/p>\n<p style=\"text-align: justify;\">En la regi\u00f3n norte hay una gran comunidad de m\u00e1s de 3 millones de habitantes, de los cuales 220 mil viajan todos los d\u00edas en la l\u00ednea Mitre. Con la renovaci\u00f3n de la l\u00ednea y extensi\u00f3n de las fronteras de la electrificaci\u00f3n vamos a sumar 25 mil usuarios todos los d\u00edas. Son unos 10 mil autos menos que circular\u00e1n a diario por Panamericana. El beneficio es real y concreto.<\/p>\n<p style=\"text-align: justify;\">Tenemos la decisi\u00f3n pol\u00edtica de llevar trenes seguros para cada vecina y vecino. As\u00ed nos lo pide el presidente Alberto Fern\u00e1ndez; el ministro Alexis Guerrera, y el presidente de Trenes Argentinos, Mart\u00edn Marinucci. Obras que impacten directamente en la vida de la gente. Que transformen el sistema ferroviario y ayuden a poner de pie a la Argentina.<\/p>\n<p style=\"text-align: justify;\">Queremos un tren moderno, seguro y que responda a las necesidades de cada ciudadana y ciudadano. Donde todas las estaciones cuenten con las mismas prestaciones y calidad a la hora de esperar las formaciones; donde cada servicio y ramal sea confiable y previsible; donde haya accesibilidad para todos y todas las vecinas que nos elijan como medio de transporte p\u00fablico a diario.<\/p>\n<p><strong>Fuente:\u00a0<a href=\"https:\/\/www.infobae.com\/opinion\/2021\/07\/06\/la-renovacion-de-la-linea-mitre-y-un-nuevo-paradigma-para-el-transporte-publico\/\" target=\"_blank\" rel=\"noopener\"><span style=\"color: #ff0000;\">Infobae<\/span><\/a><\/strong><\/p>\n","protected":false},"excerpt":{"rendered":"<p>Buenos Aires &#8211; Argentina &#8211; 07\/07\/2021:\u00a0El gran objetivo de la gesti\u00f3n desde Trenes Argentinos Infraestructura, en l\u00ednea con el Ministerio de Transporte de la Naci\u00f3n, es impactar de lleno en la calidad de vida de nuestras vecinas y vecinos. Alcanzar un ferrocarril de pie para que cada persona pueda desarrollarse y crecer. En la historia [&hellip;]<\/p>\n","protected":false},"author":1,"featured_media":104039,"comment_status":"closed","ping_status":"open","sticky":false,"template":"","format":"standard","meta":{"footnotes":""},"categories":[4],"tags":[10855,9105,9644],"class_list":{"0":"post-104038","1":"post","2":"type-post","3":"status-publish","4":"format-standard","5":"has-post-thumbnail","7":"category-nacionales","8":"tag-10855","9":"tag-actualidad","10":"tag-news"},"_links":{"self":[{"href":"https:\/\/www.rieles.com\/front\/wp-json\/wp\/v2\/posts\/104038","targetHints":{"allow":["GET"]}}],"collection":[{"href":"https:\/\/www.rieles.com\/front\/wp-json\/wp\/v2\/posts"}],"about":[{"href":"https:\/\/www.rieles.com\/front\/wp-json\/wp\/v2\/types\/post"}],"author":[{"embeddable":true,"href":"https:\/\/www.rieles.com\/front\/wp-json\/wp\/v2\/users\/1"}],"replies":[{"embeddable":true,"href":"https:\/\/www.rieles.com\/front\/wp-json\/wp\/v2\/comments?post=104038"}],"version-history":[{"count":1,"href":"https:\/\/www.rieles.com\/front\/wp-json\/wp\/v2\/posts\/104038\/revisions"}],"predecessor-version":[{"id":104040,"href":"https:\/\/www.rieles.com\/front\/wp-json\/wp\/v2\/posts\/104038\/revisions\/104040"}],"wp:featuredmedia":[{"embeddable":true,"href":"https:\/\/www.rieles.com\/front\/wp-json\/wp\/v2\/media\/104039"}],"wp:attachment":[{"href":"https:\/\/www.rieles.com\/front\/wp-json\/wp\/v2\/media?parent=104038"}],"wp:term":[{"taxonomy":"category","embeddable":true,"href":"https:\/\/www.rieles.com\/front\/wp-json\/wp\/v2\/categories?post=104038"},{"taxonomy":"post_tag","embeddable":true,"href":"https:\/\/www.rieles.com\/front\/wp-json\/wp\/v2\/tags?post=104038"}],"curies":[{"name":"wp","href":"https:\/\/api.w.org\/{rel}","templated":true}]}}