{"id":106116,"date":"2021-10-22T21:15:14","date_gmt":"2021-10-23T00:15:14","guid":{"rendered":"https:\/\/www.rieles.com\/front\/?p=106116"},"modified":"2021-10-22T21:15:16","modified_gmt":"2021-10-23T00:15:16","slug":"ferroviarios-tambien-reclaman-frecuencias-y-unidades","status":"publish","type":"post","link":"https:\/\/www.rieles.com\/front\/ferroviarios-tambien-reclaman-frecuencias-y-unidades\/","title":{"rendered":"Ferroviarios tambi\u00e9n reclaman frecuencias y unidades."},"content":{"rendered":"\n<p style=\"text-align: justify;\"><strong>Entre Rios &#8211; Argentina &#8211; 22\/10\/2021:<\/strong>Con la aparici\u00f3n del cartel \u00abMejoras en las estaciones del servicio regional Entre R\u00edos\u00bb frente a la estaci\u00f3n de tren Ferrocarril General Urquiza de Paran\u00e1 se reanudaron las expectativas por la reactivaci\u00f3n del transporte ferroviario a localidades cercanas como La Picada y se reaviv\u00f3 la demanda de usuarios por la modificaci\u00f3n e incremento de horarios de servicio. Ahora se sumaron reclamos de los trabajadores.<br>Las obras adjudicadas a la empresa PNP (de Buenos Aires) por 112 millones de pesos que informa el cartel sobre Bulevar Racedo incluir\u00e1n: construcci\u00f3n de apeaderos, adecuaci\u00f3n y reparaci\u00f3n de ba\u00f1os, cubiertas, drenajes, revoques, pintura, carpinter\u00eda, instalaci\u00f3n sanitaria, el\u00e9ctrica y de iluminaci\u00f3n, y la provisi\u00f3n de equipamientos para andenes y accesos a estaciones.<\/p>\n\n\n\n<p style=\"text-align: justify;\">Nelson Santini, delegado de la Uni\u00f3n Ferroviaria de Paran\u00e1, afirm\u00f3 en declaraciones a UNO que los trabajadores del tren \u00abestamos totalmente de acuerdo con las obras\u00bb, pero aclar\u00f3: \u00abdesgraciadamente lo que se necesita, desesperadamente, es arreglar la v\u00eda, y para eso no ha llegado nada. Si no se arregla la v\u00eda, no vamos a llegar a La Picada, Oro Verde ni ning\u00fan lado\u00bb.<br>El delegado ferroviario advirti\u00f3: \u00abnecesitamos repuestos para los coches, porque andamos solamente con dos unidades. Hay uno que est\u00e1 esperando repuestos hace a\u00f1os y los otros dos -de los cinco que tenemos- se los desarm\u00f3 y se van a desmantelar\u00bb.<br>El trabajador admiti\u00f3 que \u00abhoy lamentablemente estamos prestando un servicio mal\u00edsimo, de solamente dos frecuencias y en horarios que no le sirven a la gente\u00bb. Es que el \u00fanico tren que actualmente une Paran\u00e1 con Colonia Avellaneda s\u00f3lo tiene dos frecuencias diarias de lunes a s\u00e1bado. Desde que se declar\u00f3 la emergencia sanitaria por la pandemia, en 2020, la unidad llega a la estaci\u00f3n de Paran\u00e1 a las 7:50 de la ma\u00f1ana y a las 13 parte nuevamente a Colonia Avellaneda.<br>\u00abLa gente est\u00e1 desesperada por m\u00e1s frecuencias. Son horarios que ya no sirven, porque se normaliz\u00f3 todo y seguimos con horarios de cuando est\u00e1bamos en plena pandemia. Salimos a las 13 para Colonia Avellaneda cuando todo el mundo est\u00e1 saliendo a esa hora del trabajo o la escuela\u00bb, reconoci\u00f3 Santini.<br>\u00abSe necesitan horarios que sirvan y m\u00e1s frecuencias, aunque sea incorporando de a una\u00bb, propuso.<\/p>\n\n\n\n<figure class=\"wp-block-image size-full is-resized\"><img loading=\"lazy\" decoding=\"async\" src=\"https:\/\/www.rieles.com\/front\/wp-content\/uploads\/obras-tren-estacion-paranajpg.jpg\" alt=\"\" class=\"wp-image-106108\" width=\"696\" height=\"393\" srcset=\"https:\/\/www.rieles.com\/front\/wp-content\/uploads\/obras-tren-estacion-paranajpg-300x169.jpg 300w, https:\/\/www.rieles.com\/front\/wp-content\/uploads\/obras-tren-estacion-paranajpg-150x84.jpg 150w\" sizes=\"auto, (max-width: 696px) 100vw, 696px\" \/><\/figure>\n\n\n\n<p style=\"text-align: justify;\"><strong>\u00abSin v\u00edas ni trenes no hay ferrocarril\u00bb<\/strong><br>Respecto de las responsabilidades, seg\u00fan el delegado ferroviario \u00abno es culpa de la Provincia\u00bb, sino que \u00abesto depende de la regional de Trenes Argentinos, que no ha enviado la gente encargada de arreglar las v\u00eda\u00bb. Otra alternativa que sugieren los trabajadores es firmar un convenio con la Municipalidad \u00abpara que nos preste las m\u00e1quinas\u00bb, ya que en la estaci\u00f3n tienen otros materiales necesarios para refacciones importantes que requiere el recorrido hasta la localidad metropolitana.<br>\u00abNunca se hacen las obras en serio, s\u00f3lo parches. Se necesita un trabajo grande\u00bb, insisti\u00f3 Santini y asegur\u00f3: \u00abcon buenas v\u00edas, en 25 minutos estar\u00edamos en Colonia Avellaneda\u00bb.<br>El reclamo de m\u00e1s servicios fue reconocido este jueves por el secretario de Transporte de la Provincia, N\u00e9stor Landra, quien en di\u00e1logo con La Radio de UNO, por La Red Paran\u00e1 88.7 expres\u00f3: \u00abes un anhelo que lo mas pronto posible se pueda incorporar mayores frecuencias y distintos destinos\u00bb, mencion\u00f3 Landra.<br>Sobre el trabajo que se realizar\u00e1 a partir del nuevo anuncio, Landra sostuvo que implican los apeaderos Ram\u00edrez, Divisi\u00f3n los Andes, Miguel David, las Garzas, Gobernador Parera, Salvador Caputto, Gobernador Maya, Colonia Avellaneda, Enrique Berduc y La Picada. Asimismo, aclar\u00f3 que no se incluyen \u00abseguramente por una cuesti\u00f3n de costos\u00bb los apeaderos de Sauce Montrull y Oro Verde.<\/p>\n\n\n\n<p class=\"has-vivid-red-color has-text-color wp-block-paragraph\">Fuente: <strong><a href=\"https:\/\/www.unoentrerios.com.ar\/la-provincia\/tren-ferroviarios-tambien-reclaman-frecuencias-y-unidades-n2696279.html\" data-type=\"URL\" data-id=\"https:\/\/www.unoentrerios.com.ar\/la-provincia\/tren-ferroviarios-tambien-reclaman-frecuencias-y-unidades-n2696279.html\">Uno Entre Rios<\/a><\/strong><\/p>\n","protected":false},"excerpt":{"rendered":"<p>Entre Rios &#8211; Argentina &#8211; 22\/10\/2021:Con la aparici\u00f3n del cartel \u00abMejoras en las estaciones del servicio regional Entre R\u00edos\u00bb frente a la estaci\u00f3n de tren Ferrocarril General Urquiza de Paran\u00e1 se reanudaron las expectativas por la reactivaci\u00f3n del transporte ferroviario a localidades cercanas como La Picada y se reaviv\u00f3 la demanda de usuarios por la [&hellip;]<\/p>\n","protected":false},"author":1,"featured_media":106112,"comment_status":"closed","ping_status":"open","sticky":false,"template":"","format":"standard","meta":{"footnotes":""},"categories":[4],"tags":[10855,9105,9644],"class_list":["post-106116","post","type-post","status-publish","format-standard","has-post-thumbnail","category-nacionales","tag-10855","tag-actualidad","tag-news"],"_links":{"self":[{"href":"https:\/\/www.rieles.com\/front\/wp-json\/wp\/v2\/posts\/106116","targetHints":{"allow":["GET"]}}],"collection":[{"href":"https:\/\/www.rieles.com\/front\/wp-json\/wp\/v2\/posts"}],"about":[{"href":"https:\/\/www.rieles.com\/front\/wp-json\/wp\/v2\/types\/post"}],"author":[{"embeddable":true,"href":"https:\/\/www.rieles.com\/front\/wp-json\/wp\/v2\/users\/1"}],"replies":[{"embeddable":true,"href":"https:\/\/www.rieles.com\/front\/wp-json\/wp\/v2\/comments?post=106116"}],"version-history":[{"count":1,"href":"https:\/\/www.rieles.com\/front\/wp-json\/wp\/v2\/posts\/106116\/revisions"}],"predecessor-version":[{"id":106117,"href":"https:\/\/www.rieles.com\/front\/wp-json\/wp\/v2\/posts\/106116\/revisions\/106117"}],"wp:featuredmedia":[{"embeddable":true,"href":"https:\/\/www.rieles.com\/front\/wp-json\/wp\/v2\/media\/106112"}],"wp:attachment":[{"href":"https:\/\/www.rieles.com\/front\/wp-json\/wp\/v2\/media?parent=106116"}],"wp:term":[{"taxonomy":"category","embeddable":true,"href":"https:\/\/www.rieles.com\/front\/wp-json\/wp\/v2\/categories?post=106116"},{"taxonomy":"post_tag","embeddable":true,"href":"https:\/\/www.rieles.com\/front\/wp-json\/wp\/v2\/tags?post=106116"}],"curies":[{"name":"wp","href":"https:\/\/api.w.org\/{rel}","templated":true}]}}