{"id":106122,"date":"2021-10-22T21:25:37","date_gmt":"2021-10-23T00:25:37","guid":{"rendered":"https:\/\/www.rieles.com\/front\/?p=106122"},"modified":"2021-10-22T21:25:38","modified_gmt":"2021-10-23T00:25:38","slug":"analizan-el-fortalecimiento-del-ramal-c-14-como-ferrocarril-minero","status":"publish","type":"post","link":"https:\/\/www.rieles.com\/front\/analizan-el-fortalecimiento-del-ramal-c-14-como-ferrocarril-minero\/","title":{"rendered":"Analizan el fortalecimiento del ramal C-14 como ferrocarril minero"},"content":{"rendered":"\n<p style=\"text-align: justify;\"><strong>Salta &#8211; Argentina &#8211; 22\/10\/2021: <\/strong>La secretaria de Miner\u00eda y Energ\u00eda del Ministerio de Producci\u00f3n y Desarrollo Sustentable, Flavia Roy\u00f3n, particip\u00f3 de una reuni\u00f3n virtual con directivos de la empresa Belgrano Cargas y Log\u00edstica S.A.<br>El encuentro tuvo por objetivo presentar los avances en el Plan de Modernizaci\u00f3n de la l\u00ednea Belgrano en su ramal C14, describir las inversiones ejecutadas hasta el momento en materia de reconstrucci\u00f3n de v\u00edas y puentes en la traza mencionada.<br>Hasta el momento se alcanz\u00f3 una capacidad instalada de 100.000 toneladas por a\u00f1o, y conforme al plan de inversiones se podr\u00eda llevar a 600.000 toneladas. El objetivo es la proyecci\u00f3n del C14 como un ferrocarril minero que afiance la matriz productiva de esta actividad y traccione el crecimiento de la regi\u00f3n minera en su conjunto.<br>En este marco, se acord\u00f3 seguir trabajando bajo esta consigna para lo cual se convocar\u00e1 a una mesa para reunir a todas las empresas mineras que precisen usar el ferrocarril, para planificar los vol\u00famenes agregados tanto de movimiento de producto final como de materias primas.<br>Belgrano Cargas se comprometi\u00f3 a mostrar ante el sector minero el estado de avance de otros proyectos, adem\u00e1s del ramal C14, que se vinculan con la optimizaci\u00f3n log\u00edstica para la importaci\u00f3n y exportaci\u00f3n en otros puertos del pa\u00eds.<br>Del encuentro participaron Nicol\u00e1s Sivila, coordinador general del Ministerio de Producci\u00f3n y Desarrollo Sustentable; representando a Belgrano Cargas y Log\u00edstica S.A, Juan Baravalle; el subgerente de Proyectos Estrat\u00e9gicos, Emanuel Sagripanti; el Sub Gerente Unidad de Producci\u00f3n Salta, Patricio Manti\u00f1an y Juli\u00e1n La Rocca, Gerente de Planeamiento y Relaciones Institucionales.<\/p>\n\n\n\n<figure class=\"wp-block-image size-full is-resized\"><img loading=\"lazy\" decoding=\"async\" src=\"https:\/\/www.rieles.com\/front\/wp-content\/uploads\/78705-analizan-el-fortalecimiento-del-ramal-c-14-como-ferrocarril-minero.jpeg\" alt=\"\" class=\"wp-image-106102\" width=\"696\" height=\"467\"\/><\/figure>\n\n\n\n<p class=\"has-vivid-red-color has-text-color wp-block-paragraph\">Fuente: <strong>Agencia Rieles<\/strong><\/p>\n","protected":false},"excerpt":{"rendered":"<p>Salta &#8211; Argentina &#8211; 22\/10\/2021: La secretaria de Miner\u00eda y Energ\u00eda del Ministerio de Producci\u00f3n y Desarrollo Sustentable, Flavia Roy\u00f3n, particip\u00f3 de una reuni\u00f3n virtual con directivos de la empresa Belgrano Cargas y Log\u00edstica S.A.El encuentro tuvo por objetivo presentar los avances en el Plan de Modernizaci\u00f3n de la l\u00ednea Belgrano en su ramal C14, [&hellip;]<\/p>\n","protected":false},"author":1,"featured_media":86752,"comment_status":"closed","ping_status":"open","sticky":false,"template":"","format":"standard","meta":{"footnotes":""},"categories":[4,9161],"tags":[10855,9105,9644],"class_list":["post-106122","post","type-post","status-publish","format-standard","has-post-thumbnail","category-nacionales","category-rielesagencia","tag-10855","tag-actualidad","tag-news"],"_links":{"self":[{"href":"https:\/\/www.rieles.com\/front\/wp-json\/wp\/v2\/posts\/106122","targetHints":{"allow":["GET"]}}],"collection":[{"href":"https:\/\/www.rieles.com\/front\/wp-json\/wp\/v2\/posts"}],"about":[{"href":"https:\/\/www.rieles.com\/front\/wp-json\/wp\/v2\/types\/post"}],"author":[{"embeddable":true,"href":"https:\/\/www.rieles.com\/front\/wp-json\/wp\/v2\/users\/1"}],"replies":[{"embeddable":true,"href":"https:\/\/www.rieles.com\/front\/wp-json\/wp\/v2\/comments?post=106122"}],"version-history":[{"count":1,"href":"https:\/\/www.rieles.com\/front\/wp-json\/wp\/v2\/posts\/106122\/revisions"}],"predecessor-version":[{"id":106123,"href":"https:\/\/www.rieles.com\/front\/wp-json\/wp\/v2\/posts\/106122\/revisions\/106123"}],"wp:featuredmedia":[{"embeddable":true,"href":"https:\/\/www.rieles.com\/front\/wp-json\/wp\/v2\/media\/86752"}],"wp:attachment":[{"href":"https:\/\/www.rieles.com\/front\/wp-json\/wp\/v2\/media?parent=106122"}],"wp:term":[{"taxonomy":"category","embeddable":true,"href":"https:\/\/www.rieles.com\/front\/wp-json\/wp\/v2\/categories?post=106122"},{"taxonomy":"post_tag","embeddable":true,"href":"https:\/\/www.rieles.com\/front\/wp-json\/wp\/v2\/tags?post=106122"}],"curies":[{"name":"wp","href":"https:\/\/api.w.org\/{rel}","templated":true}]}}