{"id":106126,"date":"2021-10-22T21:38:06","date_gmt":"2021-10-23T00:38:06","guid":{"rendered":"https:\/\/www.rieles.com\/front\/?p=106126"},"modified":"2021-10-22T21:38:07","modified_gmt":"2021-10-23T00:38:07","slug":"a-6-dias-de-dar-comienzo-a-latinrieles-2021","status":"publish","type":"post","link":"https:\/\/www.rieles.com\/front\/a-6-dias-de-dar-comienzo-a-latinrieles-2021\/","title":{"rendered":"A 6 d\u00edas de dar comienzo a Latinrieles 2021"},"content":{"rendered":"\n<p style=\"text-align: justify;\"><strong>Buenos Aires \u2013 Argentina \u2013 22\/10\/2021:<\/strong>&nbsp;Podemos afirmar que esta edici\u00f3n 16 del Congreso de la Actividad e Industria Ferroviaria ha alcanzado niveles record de participaci\u00f3n de empresas, por tal motivo no pueden quedarse sin participar del mismo.\nYa esta disponible el programa actualizado del 16\u00b0 Congreso y Exposici\u00f3n de la Actividad Ferroviaria Latinrieles 2021, adem\u00e1s ya se puede realizar  la inscripci\u00f3n para participar.<\/p>\n\n\n\n<figure class=\"wp-block-pullquote\"><blockquote><p>\u201cLatinrieles 2021 \u2013 El Desarrollo del Ferrocarril no es un Slogan, es una Realidad\u201d<\/p><\/blockquote><\/figure>\n\n\n\n<figure class=\"wp-block-image size-large\"><img loading=\"lazy\" decoding=\"async\" width=\"731\" height=\"1024\" src=\"https:\/\/www.rieles.com\/front\/wp-content\/uploads\/latinrieles-2021-7-731x1024.jpg\" alt=\"\" class=\"wp-image-106127\" srcset=\"https:\/\/www.rieles.com\/front\/wp-content\/uploads\/latinrieles-2021-7-scaled.jpg 731w, https:\/\/www.rieles.com\/front\/wp-content\/uploads\/latinrieles-2021-7-214x300.jpg 214w, https:\/\/www.rieles.com\/front\/wp-content\/uploads\/latinrieles-2021-7-768x1075.jpg 768w, https:\/\/www.rieles.com\/front\/wp-content\/uploads\/latinrieles-2021-7-1097x1536.jpg 1097w, https:\/\/www.rieles.com\/front\/wp-content\/uploads\/latinrieles-2021-7-1463x2048.jpg 1463w, https:\/\/www.rieles.com\/front\/wp-content\/uploads\/latinrieles-2021-7-150x210.jpg 150w, https:\/\/www.rieles.com\/front\/wp-content\/uploads\/latinrieles-2021-7-300x420.jpg 300w, https:\/\/www.rieles.com\/front\/wp-content\/uploads\/latinrieles-2021-7-696x974.jpg 696w, https:\/\/www.rieles.com\/front\/wp-content\/uploads\/latinrieles-2021-7-1068x1495.jpg 1068w, https:\/\/www.rieles.com\/front\/wp-content\/uploads\/latinrieles-2021-7-1920x2688.jpg 1920w\" sizes=\"auto, (max-width: 731px) 100vw, 731px\" \/><\/figure>\n\n\n\n<p class=\"wp-block-paragraph\">Esta vez se desarrollara en formato de Streaming trasmitiendo en vivo a trav\u00e9s de nuestro canal de Youtube y de Redes Sociales, adem\u00e1s se retomara la presencialidad como le hemos realizado hasta el a\u00f1o 2019.<\/p>\n\n\n\n<p class=\"wp-block-paragraph\">En esta oportunidad se realizara en las instalaciones del CENACAF(Santa Mar\u00eda &amp; Algredo Camarlinghi \u2013 Turdera \u2013 Buenos Aires)En paralelo al congreso que venimos realizando, se agregaran importantes Stands de las principales empresas del sector ferroviario, y un espacio para la exposici\u00f3n de material rodante.<\/p>\n\n\n\n<figure class=\"wp-block-pullquote\"><blockquote><p>La fecha de Latinrieles 2021 ser\u00e1 el pr\u00f3ximo 28 y 29 de octubre.<br>M\u00e1s informaci\u00f3n:&nbsp;info@latinrieles.net&nbsp;y +54 9 11 2453 2231<\/p><\/blockquote><\/figure>\n\n\n\n<p class=\"wp-block-paragraph\"><strong>Programa Latinrieles 2021<\/strong><\/p>\n\n\n\n<figure class=\"wp-block-image size-large\"><img loading=\"lazy\" decoding=\"async\" width=\"1024\" height=\"790\" src=\"https:\/\/www.rieles.com\/front\/wp-content\/uploads\/PROGRAMA-DIA-1-4-1024x790.jpg\" alt=\"\" class=\"wp-image-106129\" srcset=\"https:\/\/www.rieles.com\/front\/wp-content\/uploads\/PROGRAMA-DIA-1-4.jpg 1024w, https:\/\/www.rieles.com\/front\/wp-content\/uploads\/PROGRAMA-DIA-1-4-300x231.jpg 300w, https:\/\/www.rieles.com\/front\/wp-content\/uploads\/PROGRAMA-DIA-1-4-768x592.jpg 768w, https:\/\/www.rieles.com\/front\/wp-content\/uploads\/PROGRAMA-DIA-1-4-150x116.jpg 150w, https:\/\/www.rieles.com\/front\/wp-content\/uploads\/PROGRAMA-DIA-1-4-696x537.jpg 696w, https:\/\/www.rieles.com\/front\/wp-content\/uploads\/PROGRAMA-DIA-1-4-1068x824.jpg 1068w, https:\/\/www.rieles.com\/front\/wp-content\/uploads\/PROGRAMA-DIA-1-4-544x420.jpg 544w\" sizes=\"auto, (max-width: 1024px) 100vw, 1024px\" \/><\/figure>\n\n\n\n<figure class=\"wp-block-image size-large\"><img loading=\"lazy\" decoding=\"async\" width=\"1024\" height=\"813\" src=\"https:\/\/www.rieles.com\/front\/wp-content\/uploads\/PROGRAMA-DIA-2-4-1024x813.jpg\" alt=\"\" class=\"wp-image-106130\" srcset=\"https:\/\/www.rieles.com\/front\/wp-content\/uploads\/PROGRAMA-DIA-2-4.jpg 1024w, https:\/\/www.rieles.com\/front\/wp-content\/uploads\/PROGRAMA-DIA-2-4-300x238.jpg 300w, https:\/\/www.rieles.com\/front\/wp-content\/uploads\/PROGRAMA-DIA-2-4-768x609.jpg 768w, https:\/\/www.rieles.com\/front\/wp-content\/uploads\/PROGRAMA-DIA-2-4-150x119.jpg 150w, https:\/\/www.rieles.com\/front\/wp-content\/uploads\/PROGRAMA-DIA-2-4-696x552.jpg 696w, https:\/\/www.rieles.com\/front\/wp-content\/uploads\/PROGRAMA-DIA-2-4-1068x848.jpg 1068w, https:\/\/www.rieles.com\/front\/wp-content\/uploads\/PROGRAMA-DIA-2-4-529x420.jpg 529w\" sizes=\"auto, (max-width: 1024px) 100vw, 1024px\" \/><\/figure>\n\n\n\n<p class=\"has-vivid-red-color has-text-color wp-block-paragraph\">Fuente:&nbsp;<strong>Agencia Rieles<\/strong><\/p>\n","protected":false},"excerpt":{"rendered":"<p>Buenos Aires \u2013 Argentina \u2013 22\/10\/2021:&nbsp;Podemos afirmar que esta edici\u00f3n 16 del Congreso de la Actividad e Industria Ferroviaria ha alcanzado niveles record de participaci\u00f3n de empresas, por tal motivo no pueden quedarse sin participar del mismo. Ya esta disponible el programa actualizado del 16\u00b0 Congreso y Exposici\u00f3n de la Actividad Ferroviaria Latinrieles 2021, adem\u00e1s [&hellip;]<\/p>\n","protected":false},"author":1,"featured_media":106128,"comment_status":"closed","ping_status":"open","sticky":false,"template":"","format":"standard","meta":{"footnotes":""},"categories":[4,9161],"tags":[10855,9105,9644],"class_list":["post-106126","post","type-post","status-publish","format-standard","has-post-thumbnail","category-nacionales","category-rielesagencia","tag-10855","tag-actualidad","tag-news"],"_links":{"self":[{"href":"https:\/\/www.rieles.com\/front\/wp-json\/wp\/v2\/posts\/106126","targetHints":{"allow":["GET"]}}],"collection":[{"href":"https:\/\/www.rieles.com\/front\/wp-json\/wp\/v2\/posts"}],"about":[{"href":"https:\/\/www.rieles.com\/front\/wp-json\/wp\/v2\/types\/post"}],"author":[{"embeddable":true,"href":"https:\/\/www.rieles.com\/front\/wp-json\/wp\/v2\/users\/1"}],"replies":[{"embeddable":true,"href":"https:\/\/www.rieles.com\/front\/wp-json\/wp\/v2\/comments?post=106126"}],"version-history":[{"count":1,"href":"https:\/\/www.rieles.com\/front\/wp-json\/wp\/v2\/posts\/106126\/revisions"}],"predecessor-version":[{"id":106131,"href":"https:\/\/www.rieles.com\/front\/wp-json\/wp\/v2\/posts\/106126\/revisions\/106131"}],"wp:featuredmedia":[{"embeddable":true,"href":"https:\/\/www.rieles.com\/front\/wp-json\/wp\/v2\/media\/106128"}],"wp:attachment":[{"href":"https:\/\/www.rieles.com\/front\/wp-json\/wp\/v2\/media?parent=106126"}],"wp:term":[{"taxonomy":"category","embeddable":true,"href":"https:\/\/www.rieles.com\/front\/wp-json\/wp\/v2\/categories?post=106126"},{"taxonomy":"post_tag","embeddable":true,"href":"https:\/\/www.rieles.com\/front\/wp-json\/wp\/v2\/tags?post=106126"}],"curies":[{"name":"wp","href":"https:\/\/api.w.org\/{rel}","templated":true}]}}