{"id":109305,"date":"2022-06-11T09:39:14","date_gmt":"2022-06-11T12:39:14","guid":{"rendered":"https:\/\/www.rieles.com\/front\/?p=109305"},"modified":"2022-06-11T09:39:16","modified_gmt":"2022-06-11T12:39:16","slug":"trenes-argentinos-firma-de-convenio-con-la-policia-federal","status":"publish","type":"post","link":"https:\/\/www.rieles.com\/front\/trenes-argentinos-firma-de-convenio-con-la-policia-federal\/","title":{"rendered":"Trenes Argentinos: Firma de convenio con la Polic\u00eda Federal"},"content":{"rendered":"\n<p style=\"text-align: justify;\"><strong>Buenos Aires &#8211; Argentina &#8211; 11\/06\/2022: <\/strong>\u00abA trav\u00e9s de este acuerdo promoveremos acciones de colaboraci\u00f3n junto a Polic\u00eda Federal Argentina. El fin es brindar una mayor seguridad y dar una r\u00e1pida respuesta ante situaciones de emergencia a lo largo de la traza de Trenes Argentinos\u00bb, indicaron desde las redes oficiales de la empresa ferroviaria.<br>Cabe destacar que del encuentro particip\u00f3 Eduardo Feijoo, gerente de Prevenci\u00f3n y Seguridad Integral de Trenes Argentinos y Dante Omar Cardozo, Superintendente Federal de Transporte.<br><strong>La inauguraci\u00f3n del Centro de Monitoreo<\/strong><br>En mayo pasado, se inaugur\u00f3 el Comando Trenes Seguros en la Estaci\u00f3n Once, que permite ampliar a toda la l\u00ednea Sarmiento las medidas de seguridad, incorporando tecnolog\u00eda, con el objetivo de aumentar los cuidados a todos los pasajeros y pasajeras. El programa \u00abTrenes Seguros\u00bb llevado adelante por el Ministerio de Transporte, a trav\u00e9s de Trenes Argentinos Operaciones, sum\u00f3 su segundo centro de monitoreo, en funcionamiento tras la inauguraci\u00f3n de las oficinas en la Estaci\u00f3n Once. En total, con el programa se prev\u00e9 la instalaci\u00f3n de 100 torres elevadas de vigilancia, 1.500 c\u00e1maras domo y t\u00f3tems de seguridad que estar\u00e1n al servicio de los usuarios y usuarias en el \u00e1mbito ferroviario. Durante la recorrida, el ministro Alexis Guerrera afirm\u00f3: \u201cEstas inversiones son el resultado de una prioridad que nos marca nuestro presidente, que es cuidar a las y los pasajeros. Queremos que todas las personas sepan y sientan que est\u00e1n acompa\u00f1adas a la hora de esperar el tren y tambi\u00e9n cuando viajan. Por eso instalamos m\u00e1s y mejor tecnolog\u00eda de vigilancia, de prevenci\u00f3n y desarrollamos sistemas de alerta para celulares, que est\u00e9n a la mano de quienes necesiten hacer una denuncia\u201d.<\/p>\n\n\n\n<figure class=\"wp-block-image size-large\"><img loading=\"lazy\" decoding=\"async\" width=\"1024\" height=\"682\" src=\"https:\/\/www.rieles.com\/front\/wp-content\/uploads\/imagepng-10-1024x682.webp\" alt=\"\" class=\"wp-image-109281\" srcset=\"https:\/\/www.rieles.com\/front\/wp-content\/uploads\/imagepng-10.webp 1024w, https:\/\/www.rieles.com\/front\/wp-content\/uploads\/imagepng-10-300x200.webp 300w, https:\/\/www.rieles.com\/front\/wp-content\/uploads\/imagepng-10-768x511.webp 768w, https:\/\/www.rieles.com\/front\/wp-content\/uploads\/imagepng-10-150x100.webp 150w, https:\/\/www.rieles.com\/front\/wp-content\/uploads\/imagepng-10-696x463.webp 696w, https:\/\/www.rieles.com\/front\/wp-content\/uploads\/imagepng-10-1068x711.webp 1068w, https:\/\/www.rieles.com\/front\/wp-content\/uploads\/imagepng-10-631x420.webp 631w\" sizes=\"auto, (max-width: 1024px) 100vw, 1024px\" \/><\/figure>\n\n\n\n<p class=\"has-vivid-red-color has-text-color wp-block-paragraph\">Fuente: <strong><a href=\"https:\/\/www.vivieloeste.com.ar\/trenes-argentinos\/trenes-argentinos-firma-convenio-la-policia-federal-n51090\" data-type=\"URL\" data-id=\"https:\/\/www.vivieloeste.com.ar\/trenes-argentinos\/trenes-argentinos-firma-convenio-la-policia-federal-n51090\">Viv\u00ed El Oeste<\/a><\/strong><\/p>\n","protected":false},"excerpt":{"rendered":"<p>Buenos Aires &#8211; Argentina &#8211; 11\/06\/2022: \u00abA trav\u00e9s de este acuerdo promoveremos acciones de colaboraci\u00f3n junto a Polic\u00eda Federal Argentina. El fin es brindar una mayor seguridad y dar una r\u00e1pida respuesta ante situaciones de emergencia a lo largo de la traza de Trenes Argentinos\u00bb, indicaron desde las redes oficiales de la empresa ferroviaria.Cabe destacar [&hellip;]<\/p>\n","protected":false},"author":1,"featured_media":109280,"comment_status":"closed","ping_status":"open","sticky":false,"template":"","format":"standard","meta":{"footnotes":""},"categories":[4],"tags":[10855,9105,9644],"class_list":["post-109305","post","type-post","status-publish","format-standard","has-post-thumbnail","category-nacionales","tag-10855","tag-actualidad","tag-news"],"_links":{"self":[{"href":"https:\/\/www.rieles.com\/front\/wp-json\/wp\/v2\/posts\/109305","targetHints":{"allow":["GET"]}}],"collection":[{"href":"https:\/\/www.rieles.com\/front\/wp-json\/wp\/v2\/posts"}],"about":[{"href":"https:\/\/www.rieles.com\/front\/wp-json\/wp\/v2\/types\/post"}],"author":[{"embeddable":true,"href":"https:\/\/www.rieles.com\/front\/wp-json\/wp\/v2\/users\/1"}],"replies":[{"embeddable":true,"href":"https:\/\/www.rieles.com\/front\/wp-json\/wp\/v2\/comments?post=109305"}],"version-history":[{"count":1,"href":"https:\/\/www.rieles.com\/front\/wp-json\/wp\/v2\/posts\/109305\/revisions"}],"predecessor-version":[{"id":109306,"href":"https:\/\/www.rieles.com\/front\/wp-json\/wp\/v2\/posts\/109305\/revisions\/109306"}],"wp:featuredmedia":[{"embeddable":true,"href":"https:\/\/www.rieles.com\/front\/wp-json\/wp\/v2\/media\/109280"}],"wp:attachment":[{"href":"https:\/\/www.rieles.com\/front\/wp-json\/wp\/v2\/media?parent=109305"}],"wp:term":[{"taxonomy":"category","embeddable":true,"href":"https:\/\/www.rieles.com\/front\/wp-json\/wp\/v2\/categories?post=109305"},{"taxonomy":"post_tag","embeddable":true,"href":"https:\/\/www.rieles.com\/front\/wp-json\/wp\/v2\/tags?post=109305"}],"curies":[{"name":"wp","href":"https:\/\/api.w.org\/{rel}","templated":true}]}}