{"id":111113,"date":"2022-10-21T09:28:35","date_gmt":"2022-10-21T12:28:35","guid":{"rendered":"https:\/\/www.rieles.com\/front\/?p=111113"},"modified":"2022-10-21T09:33:37","modified_gmt":"2022-10-21T12:33:37","slug":"la-linea-roca-suma-obras-en-san-vicente","status":"publish","type":"post","link":"https:\/\/www.rieles.com\/front\/la-linea-roca-suma-obras-en-san-vicente\/","title":{"rendered":"La l\u00ednea Roca suma obras en San Vicente"},"content":{"rendered":"\n<p style=\"text-align: justify;\"><strong>Buenos Aires &#8211; Argentina &#8211; 21\/10\/2022: <\/strong>Mart\u00edn Marinucci, presidente de Trenes Argentinos Infraestructura, y el intendente de la municipalidad de San Vicente, Mart\u00edn Mantegazza firmaron un convenio para la construcci\u00f3n de un nuevo paso bajo nivel en la Avenida Am\u00e9rica y las v\u00edas del Roca, en el marco del Plan de Modernizaci\u00f3n del Transporte que lleva adelante el Ministerio de Transporte a cargo de Alexis Guerrera. Adem\u00e1s, recorrieron junto a otras autoridades, los avances de la obra del nuevo paso bajo nivel en la calle Bolivia.<br>Este proyecto se suma al resto de las obras que Trenes Argentinos se encuentra ejecutando en dicho municipio como lo son la modernizaci\u00f3n de la estaci\u00f3n Alejandro Korn y la construcci\u00f3n de un paso bajo nivel en la calle Bolivia.<br>Adem\u00e1s de poder incrementar las frecuencias y las velocidades del servicio del ferrocarril Roca, con los nuevos pasos bajo nivel se mejorar\u00e1 la conectividad urbana, la circulaci\u00f3n vehicular, la seguridad para los vecinos y vecinas que cruzan las v\u00edas. Los trabajos incluyen la construcci\u00f3n de carriles vehiculares, pasarelas peatonales con iluminaci\u00f3n LED y ascensor para facilitar el traslado de personas con movilidad reducida.<br>\u201cTrabajamos codo a codo con cada municipio para llevar soluciones a los vecinos y las vecinas. Con una infraestructura ferroviaria moderna y de calidad, mejoramos el servicio ferroviario al mismo tiempo que les brindamos mayor seguridad, conectividad y comodidad para cruzar las v\u00edas\u201d, sostuvo Mart\u00edn Marinucci, presidente de Trenes Argentinos.<\/p>\n\n\n\n<figure class=\"wp-block-image size-large\"><img loading=\"lazy\" decoding=\"async\" width=\"1024\" height=\"683\" src=\"https:\/\/www.rieles.com\/front\/wp-content\/uploads\/Recorrida-obra-PBN-calle-Bolivia-San-Vicente-1-1024x683.jpg\" alt=\"\" class=\"wp-image-111094\" srcset=\"https:\/\/www.rieles.com\/front\/wp-content\/uploads\/Recorrida-obra-PBN-calle-Bolivia-San-Vicente-1.jpg 1024w, https:\/\/www.rieles.com\/front\/wp-content\/uploads\/Recorrida-obra-PBN-calle-Bolivia-San-Vicente-1-300x200.jpg 300w, https:\/\/www.rieles.com\/front\/wp-content\/uploads\/Recorrida-obra-PBN-calle-Bolivia-San-Vicente-1-768x512.jpg 768w, https:\/\/www.rieles.com\/front\/wp-content\/uploads\/Recorrida-obra-PBN-calle-Bolivia-San-Vicente-1-1536x1024.jpg 1536w, https:\/\/www.rieles.com\/front\/wp-content\/uploads\/Recorrida-obra-PBN-calle-Bolivia-San-Vicente-1-150x100.jpg 150w, https:\/\/www.rieles.com\/front\/wp-content\/uploads\/Recorrida-obra-PBN-calle-Bolivia-San-Vicente-1-696x464.jpg 696w, https:\/\/www.rieles.com\/front\/wp-content\/uploads\/Recorrida-obra-PBN-calle-Bolivia-San-Vicente-1-1068x712.jpg 1068w, https:\/\/www.rieles.com\/front\/wp-content\/uploads\/Recorrida-obra-PBN-calle-Bolivia-San-Vicente-1-1920x1280.jpg 1920w, https:\/\/www.rieles.com\/front\/wp-content\/uploads\/Recorrida-obra-PBN-calle-Bolivia-San-Vicente-1-630x420.jpg 630w\" sizes=\"auto, (max-width: 1024px) 100vw, 1024px\" \/><\/figure>\n\n\n\n<figure class=\"wp-block-image size-large\"><img loading=\"lazy\" decoding=\"async\" width=\"1024\" height=\"683\" src=\"https:\/\/www.rieles.com\/front\/wp-content\/uploads\/PBN-calle-Bolivia-Roca-2-1024x683.jpg\" alt=\"\" class=\"wp-image-111093\" srcset=\"https:\/\/www.rieles.com\/front\/wp-content\/uploads\/PBN-calle-Bolivia-Roca-2-scaled.jpg 1024w, https:\/\/www.rieles.com\/front\/wp-content\/uploads\/PBN-calle-Bolivia-Roca-2-300x200.jpg 300w, https:\/\/www.rieles.com\/front\/wp-content\/uploads\/PBN-calle-Bolivia-Roca-2-768x512.jpg 768w, https:\/\/www.rieles.com\/front\/wp-content\/uploads\/PBN-calle-Bolivia-Roca-2-1536x1024.jpg 1536w, https:\/\/www.rieles.com\/front\/wp-content\/uploads\/PBN-calle-Bolivia-Roca-2-2048x1365.jpg 2048w, https:\/\/www.rieles.com\/front\/wp-content\/uploads\/PBN-calle-Bolivia-Roca-2-150x100.jpg 150w, https:\/\/www.rieles.com\/front\/wp-content\/uploads\/PBN-calle-Bolivia-Roca-2-696x464.jpg 696w, https:\/\/www.rieles.com\/front\/wp-content\/uploads\/PBN-calle-Bolivia-Roca-2-1068x712.jpg 1068w, https:\/\/www.rieles.com\/front\/wp-content\/uploads\/PBN-calle-Bolivia-Roca-2-1920x1280.jpg 1920w, https:\/\/www.rieles.com\/front\/wp-content\/uploads\/PBN-calle-Bolivia-Roca-2-630x420.jpg 630w\" sizes=\"auto, (max-width: 1024px) 100vw, 1024px\" \/><\/figure>\n\n\n\n<figure class=\"wp-block-image size-large\"><img loading=\"lazy\" decoding=\"async\" width=\"1024\" height=\"683\" src=\"https:\/\/www.rieles.com\/front\/wp-content\/uploads\/Firma-nuevo-PBN-Av.-America-San-Vicente-1-1024x683.jpg\" alt=\"\" class=\"wp-image-111088\" srcset=\"https:\/\/www.rieles.com\/front\/wp-content\/uploads\/Firma-nuevo-PBN-Av.-America-San-Vicente-1.jpg 1024w, https:\/\/www.rieles.com\/front\/wp-content\/uploads\/Firma-nuevo-PBN-Av.-America-San-Vicente-1-300x200.jpg 300w, https:\/\/www.rieles.com\/front\/wp-content\/uploads\/Firma-nuevo-PBN-Av.-America-San-Vicente-1-768x512.jpg 768w, https:\/\/www.rieles.com\/front\/wp-content\/uploads\/Firma-nuevo-PBN-Av.-America-San-Vicente-1-1536x1025.jpg 1536w, https:\/\/www.rieles.com\/front\/wp-content\/uploads\/Firma-nuevo-PBN-Av.-America-San-Vicente-1-150x100.jpg 150w, https:\/\/www.rieles.com\/front\/wp-content\/uploads\/Firma-nuevo-PBN-Av.-America-San-Vicente-1-696x464.jpg 696w, https:\/\/www.rieles.com\/front\/wp-content\/uploads\/Firma-nuevo-PBN-Av.-America-San-Vicente-1-1068x712.jpg 1068w, https:\/\/www.rieles.com\/front\/wp-content\/uploads\/Firma-nuevo-PBN-Av.-America-San-Vicente-1-1920x1281.jpg 1920w, https:\/\/www.rieles.com\/front\/wp-content\/uploads\/Firma-nuevo-PBN-Av.-America-San-Vicente-1-630x420.jpg 630w\" sizes=\"auto, (max-width: 1024px) 100vw, 1024px\" \/><\/figure>\n\n\n\n<figure class=\"wp-block-image size-large\"><img loading=\"lazy\" decoding=\"async\" width=\"1024\" height=\"683\" src=\"https:\/\/www.rieles.com\/front\/wp-content\/uploads\/Recorrida-obra-PBN-calle-Bolivia-San-Vicente-2-1024x683.jpg\" alt=\"\" class=\"wp-image-111095\" srcset=\"https:\/\/www.rieles.com\/front\/wp-content\/uploads\/Recorrida-obra-PBN-calle-Bolivia-San-Vicente-2.jpg 1024w, https:\/\/www.rieles.com\/front\/wp-content\/uploads\/Recorrida-obra-PBN-calle-Bolivia-San-Vicente-2-300x200.jpg 300w, https:\/\/www.rieles.com\/front\/wp-content\/uploads\/Recorrida-obra-PBN-calle-Bolivia-San-Vicente-2-768x512.jpg 768w, https:\/\/www.rieles.com\/front\/wp-content\/uploads\/Recorrida-obra-PBN-calle-Bolivia-San-Vicente-2-1536x1025.jpg 1536w, https:\/\/www.rieles.com\/front\/wp-content\/uploads\/Recorrida-obra-PBN-calle-Bolivia-San-Vicente-2-150x100.jpg 150w, https:\/\/www.rieles.com\/front\/wp-content\/uploads\/Recorrida-obra-PBN-calle-Bolivia-San-Vicente-2-696x464.jpg 696w, https:\/\/www.rieles.com\/front\/wp-content\/uploads\/Recorrida-obra-PBN-calle-Bolivia-San-Vicente-2-1068x712.jpg 1068w, https:\/\/www.rieles.com\/front\/wp-content\/uploads\/Recorrida-obra-PBN-calle-Bolivia-San-Vicente-2-1920x1281.jpg 1920w, https:\/\/www.rieles.com\/front\/wp-content\/uploads\/Recorrida-obra-PBN-calle-Bolivia-San-Vicente-2-630x420.jpg 630w\" sizes=\"auto, (max-width: 1024px) 100vw, 1024px\" \/><\/figure>\n\n\n\n<p class=\"has-vivid-red-color has-text-color\"><strong>Fuente: Agencia Rieles<\/strong><\/p>\n","protected":false},"excerpt":{"rendered":"<p>Buenos Aires &#8211; Argentina &#8211; 21\/10\/2022: Mart\u00edn Marinucci, presidente de Trenes Argentinos Infraestructura, y el intendente de la municipalidad de San Vicente, Mart\u00edn Mantegazza firmaron un convenio para la construcci\u00f3n de un nuevo paso bajo nivel en la Avenida Am\u00e9rica y las v\u00edas del Roca, en el marco del Plan de Modernizaci\u00f3n del Transporte que [&hellip;]<\/p>\n","protected":false},"author":1,"featured_media":111092,"comment_status":"closed","ping_status":"open","sticky":false,"template":"","format":"standard","meta":{"footnotes":""},"categories":[4,9161],"tags":[10855,9105,9644],"class_list":{"0":"post-111113","1":"post","2":"type-post","3":"status-publish","4":"format-standard","5":"has-post-thumbnail","7":"category-nacionales","8":"category-rielesagencia","9":"tag-10855","10":"tag-actualidad","11":"tag-news"},"_links":{"self":[{"href":"https:\/\/www.rieles.com\/front\/wp-json\/wp\/v2\/posts\/111113","targetHints":{"allow":["GET"]}}],"collection":[{"href":"https:\/\/www.rieles.com\/front\/wp-json\/wp\/v2\/posts"}],"about":[{"href":"https:\/\/www.rieles.com\/front\/wp-json\/wp\/v2\/types\/post"}],"author":[{"embeddable":true,"href":"https:\/\/www.rieles.com\/front\/wp-json\/wp\/v2\/users\/1"}],"replies":[{"embeddable":true,"href":"https:\/\/www.rieles.com\/front\/wp-json\/wp\/v2\/comments?post=111113"}],"version-history":[{"count":2,"href":"https:\/\/www.rieles.com\/front\/wp-json\/wp\/v2\/posts\/111113\/revisions"}],"predecessor-version":[{"id":111117,"href":"https:\/\/www.rieles.com\/front\/wp-json\/wp\/v2\/posts\/111113\/revisions\/111117"}],"wp:featuredmedia":[{"embeddable":true,"href":"https:\/\/www.rieles.com\/front\/wp-json\/wp\/v2\/media\/111092"}],"wp:attachment":[{"href":"https:\/\/www.rieles.com\/front\/wp-json\/wp\/v2\/media?parent=111113"}],"wp:term":[{"taxonomy":"category","embeddable":true,"href":"https:\/\/www.rieles.com\/front\/wp-json\/wp\/v2\/categories?post=111113"},{"taxonomy":"post_tag","embeddable":true,"href":"https:\/\/www.rieles.com\/front\/wp-json\/wp\/v2\/tags?post=111113"}],"curies":[{"name":"wp","href":"https:\/\/api.w.org\/{rel}","templated":true}]}}