{"id":112382,"date":"2022-12-01T16:30:10","date_gmt":"2022-12-01T19:30:10","guid":{"rendered":"https:\/\/www.rieles.com\/front\/?p=112382"},"modified":"2022-12-01T16:30:11","modified_gmt":"2022-12-01T19:30:11","slug":"caf-invertira-550-millones-en-la-compra-de-empresas-del-sector-del-transporte","status":"publish","type":"post","link":"https:\/\/www.rieles.com\/front\/caf-invertira-550-millones-en-la-compra-de-empresas-del-sector-del-transporte\/","title":{"rendered":"CAF invertir\u00e1 550 millones en la compra de empresas del sector del transporte"},"content":{"rendered":"\n<p style=\"text-align: justify;\"><strong>Madrid &#8211; 01\/12\/2022: <\/strong>La compa\u00f1\u00eda Construcciones y Auxiliar de Ferrocarriles (CAF) aspira a alcanzar los 4.800 millones en ventas en el a\u00f1o 2026, seg\u00fan consta en su nuevo plan estrat\u00e9gico, que establece una cantidad de unos 550 millones de euros para la adquisici\u00f3n o inversi\u00f3n en empresas del sector.<br>El consejero delegado de CAF, Javier Mart\u00ednez Ojinaga, y su director financiero y de estrategia, Aitor Galarza, han presentado este jueves el Plan Estrat\u00e9gico 2026 de la compa\u00f1\u00eda en un evento dirigido a inversores, al tiempo que lo han remitido a la Comisi\u00f3n Nacional del Mercado de Valores, ha informado la compa\u00f1\u00eda en un comunicado.<br>El Grupo CAF cerr\u00f3 el 2021 con unas ventas de 2.943 millones de euros y se plantea una estrategia de crecimiento \u00abpor encima del mercado\u00bb para alcanzar unas ventas totales de 4.800 millones de euros en 2026 y situar su resultado neto de explotaci\u00f3n (Ebit) en torno a los 300 millones de euros.<br>Para lograr estos objetivos, la compa\u00f1\u00eda guipuzcoana prev\u00e9 un nivel de inversiones que se situar\u00e1 en torno a los 550-650 millones de euros, adem\u00e1s de calcular en 550 millones la inversi\u00f3n en adquisiciones de otras compa\u00f1\u00edas, \u00abque contribuir\u00edan a la expansi\u00f3n del portafolio de productos y servicios del grupo y complementar las actuales capacidades industriales y tecnol\u00f3gicas, tanto en el \u00e1mbito ferroviario como en el del autob\u00fas\u00bb.<br><strong>Objetivo &#8216;net zero&#8217;<\/strong><br>El plan fija como otro de los objetivos reducir las emisiones progresivamente hasta convertirse en una compa\u00f1\u00eda de \u00abcero emisiones\u00bb en el a\u00f1o 2045. Su estrategia comercial se centrar\u00e1 en Europa, Norteam\u00e9rica y Asia Pac\u00edfico, al tratarse de \u00abmercados atractivos de gran volumen y actividad recurrente\u00bb, donde la compa\u00f1\u00eda de Beasain \u00abdispone de un fuerte posicionamiento\u00bb.<br>En el negocio de los autobuses, CAF aspira a mantener el \u00abliderazgo europeo en movilidad cero emisiones\u00bb en el segmento urbano y expandir su cat\u00e1logo de productos al segmento interurbano en Europa, adem\u00e1s de entrar en Am\u00e9rica del Norte. Los directivos de la compa\u00f1\u00eda han hecho tambi\u00e9n balance del ciclo 2016-2021, que se ha cerrado con ventas pr\u00f3ximas a los 3.000 millones y en el que el beneficio por acci\u00f3n se ha incrementado de 1 euro hasta los 2,5 euros.<br>Los responsables de CAF han destacado que la rentabilidad se ha visto afectada en los \u00faltimos ejercicios \u00abpor las excepcionales condiciones del entorno derivadas de la pandemia, la escalada de la inflaci\u00f3n y las dificultades en la cadena de suministro\u00bb. A lo largo del ciclo cerrado en 2021, CAF incorpor\u00f3 al l\u00edder europeo en autobuses urbanos cero emisiones, Solaris.<br>En este periodo, la plantilla de CAF ha crecido de 7.587 personas en 2016 hasta las 13.284 en 2021, la mitad de las cuales, aproximadamente, se ubica fuera de Espa\u00f1a. La empresa destaca que m\u00e1s de un tercio de la plantilla actual corresponde a empleados con titulaci\u00f3n universitaria, entre los que destacan los perfiles t\u00e9cnicos dedicados a la innovaci\u00f3n, desarrollo del producto y proyecto.<\/p>\n\n\n\n<p class=\"has-vivid-red-color has-text-color\">Fuente: <strong>La Informaci\u00f3n<\/strong><\/p>\n","protected":false},"excerpt":{"rendered":"<p>Madrid &#8211; 01\/12\/2022: La compa\u00f1\u00eda Construcciones y Auxiliar de Ferrocarriles (CAF) aspira a alcanzar los 4.800 millones en ventas en el a\u00f1o 2026, seg\u00fan consta en su nuevo plan estrat\u00e9gico, que establece una cantidad de unos 550 millones de euros para la adquisici\u00f3n o inversi\u00f3n en empresas del sector.El consejero delegado de CAF, Javier Mart\u00ednez [&hellip;]<\/p>\n","protected":false},"author":1,"featured_media":112356,"comment_status":"closed","ping_status":"open","sticky":false,"template":"","format":"standard","meta":{"footnotes":""},"categories":[13902],"tags":[10855,9105,9644],"class_list":{"0":"post-112382","1":"post","2":"type-post","3":"status-publish","4":"format-standard","5":"has-post-thumbnail","7":"category-rieles-iberica","8":"tag-10855","9":"tag-actualidad","10":"tag-news"},"_links":{"self":[{"href":"https:\/\/www.rieles.com\/front\/wp-json\/wp\/v2\/posts\/112382","targetHints":{"allow":["GET"]}}],"collection":[{"href":"https:\/\/www.rieles.com\/front\/wp-json\/wp\/v2\/posts"}],"about":[{"href":"https:\/\/www.rieles.com\/front\/wp-json\/wp\/v2\/types\/post"}],"author":[{"embeddable":true,"href":"https:\/\/www.rieles.com\/front\/wp-json\/wp\/v2\/users\/1"}],"replies":[{"embeddable":true,"href":"https:\/\/www.rieles.com\/front\/wp-json\/wp\/v2\/comments?post=112382"}],"version-history":[{"count":1,"href":"https:\/\/www.rieles.com\/front\/wp-json\/wp\/v2\/posts\/112382\/revisions"}],"predecessor-version":[{"id":112383,"href":"https:\/\/www.rieles.com\/front\/wp-json\/wp\/v2\/posts\/112382\/revisions\/112383"}],"wp:featuredmedia":[{"embeddable":true,"href":"https:\/\/www.rieles.com\/front\/wp-json\/wp\/v2\/media\/112356"}],"wp:attachment":[{"href":"https:\/\/www.rieles.com\/front\/wp-json\/wp\/v2\/media?parent=112382"}],"wp:term":[{"taxonomy":"category","embeddable":true,"href":"https:\/\/www.rieles.com\/front\/wp-json\/wp\/v2\/categories?post=112382"},{"taxonomy":"post_tag","embeddable":true,"href":"https:\/\/www.rieles.com\/front\/wp-json\/wp\/v2\/tags?post=112382"}],"curies":[{"name":"wp","href":"https:\/\/api.w.org\/{rel}","templated":true}]}}