{"id":112415,"date":"2022-12-02T09:35:35","date_gmt":"2022-12-02T12:35:35","guid":{"rendered":"https:\/\/www.rieles.com\/front\/?p=112415"},"modified":"2022-12-02T09:35:39","modified_gmt":"2022-12-02T12:35:39","slug":"de-buenos-aires-a-bariloche-en-tren-el-regreso-del-viaje-que-extranan-miles-de-pasajeros-esta-mas-cerca","status":"publish","type":"post","link":"https:\/\/www.rieles.com\/front\/de-buenos-aires-a-bariloche-en-tren-el-regreso-del-viaje-que-extranan-miles-de-pasajeros-esta-mas-cerca\/","title":{"rendered":"De Buenos Aires a Bariloche en tren: el regreso del viaje que extra\u00f1an miles de pasajeros est\u00e1 m\u00e1s cerca"},"content":{"rendered":"\n<p style=\"text-align: justify;\"><strong>Rio Negro &#8211; Argentina &#8211; 02\/12\/2022: <\/strong>Los detalles ya han sido acordados y solo fijar el d\u00eda y el lugar para que el ministro de Econom\u00eda Sergio Massa y la gobernadora de R\u00edo Negro Arabela Carreras firmen el convenio que permitir\u00e1 a Tren Patag\u00f3nico utilizar 300 km de v\u00edas entre Aguar\u00e1 (a 15 km de Bah\u00eda Blanca) y Carmen de Patagones, en el extremo sureste de la provincia de Buenos Aires, del otro lado del puente que la une con Viedma.<br>El acuerdo autorizar\u00e1 a la empresa rionegrina a transportar cargas y la esperanza es que este primer paso contin\u00fae con el permiso para transportar pasajeros que puedan unir as\u00ed Buenos Aires con Bariloche con salida desde Constituci\u00f3n, un legendario viaje en tren que permanece en la memoria colectiva de generaciones de argentinos, aunque en este caso con un trasbordo en Viedma.<br>La r\u00fabrica del convenio es esperada con ansiedad al norte de la Patagonia para activar lo m\u00e1s r\u00e1pido que se pueda esta conexi\u00f3n por v\u00eda f\u00e9rrea que dinamizar\u00e1 el traslado de cargas desde R\u00edo Negro a otros puntos del pa\u00eds y en la propia provincia.<br>Entre otros rubros de la econom\u00eda, la miner\u00eda, la construcci\u00f3n y la industria alimenticia se ver\u00e1n beneficiados. \u00abEl potencial es importante\u00bb, destac\u00f3 Daniel Garc\u00eda, presidente de Tren Patag\u00f3nico, quien d\u00edas atr\u00e1s firm\u00f3 otro convenio con el ministro de Producci\u00f3n y Agroindustria, Carlos Banacloy, que posibilitar\u00e1 el traslado de productos agroindustriales de Viedma a Bariloche.<br><strong>\u00bfCu\u00e1les son las perspectivas con el transporte de pasajeros?<\/strong> \u00abEn principio el permiso es exclusivo para cargas, el de pasajeros presenta desaf\u00edos de complejidad y log\u00edstica mucho mayores. Seguramente el Estado nacional, que viene abriendo rutas de tren, no va a dudar en operar el tramo cuando se den las condiciones, es cuesti\u00f3n de tiempo\u00ab, afirm\u00f3 Daniel Garc\u00eda.<br>El presidente de Tren Patag\u00f3nico se reuni\u00f3 el 11 de noviembre con su par de Trenes Argentinos, Mart\u00edn Marinucci. \u00abEl objetivo fue definir los alcances del convenio que venimos trabajando, a fin de otorgar al Tren Patag\u00f3nico el permiso de circulaci\u00f3n, para trenes de carga en el ramal R59, entre Aguar\u00e1 y Carmen de Patagones, que estaremos firmando en las pr\u00f3ximas semanas\u00bb, dijo entonces el funcionario nacional.<br>Con los detalles acordados, solo resta eso, la firma. \u00abCon Daniel compartimos la misma visi\u00f3n sobre el desarrollo del sistema ferroviario, ambos planificamos y trabajamos para continuar en el camino de expansi\u00f3n y transformar definitivamente en pol\u00edtica de Estado, este modo de transporte\u00ab, agreg\u00f3 el titular de Trenes Argentinos.<br>Por otro lado, Tren Patag\u00f3nico agot\u00f3 los pasajes de refuerzo que hab\u00eda puesto a la venta para viajar entre Viedma y Bariloche. La demanda entreg\u00f3 un dato interesante: hay formaciones que parten con un 20% de pasajeros extranjeros.<\/p>\n\n\n\n<p class=\"has-vivid-red-color has-text-color wp-block-paragraph\">Fuente: <strong><a href=\"https:\/\/www.rionegro.com.ar\/voy-turismo\/de-buenos-aires-a-bariloche-en-tren-con-el-transporte-de-cargas-se-reabre-la-esperanza-para-los-pasajeros-2615754\/\" data-type=\"URL\" data-id=\"https:\/\/www.rionegro.com.ar\/voy-turismo\/de-buenos-aires-a-bariloche-en-tren-con-el-transporte-de-cargas-se-reabre-la-esperanza-para-los-pasajeros-2615754\/\" target=\"_blank\" rel=\"noreferrer noopener\">Rio Negro<\/a><\/strong><\/p>\n","protected":false},"excerpt":{"rendered":"<p>Rio Negro &#8211; Argentina &#8211; 02\/12\/2022: Los detalles ya han sido acordados y solo fijar el d\u00eda y el lugar para que el ministro de Econom\u00eda Sergio Massa y la gobernadora de R\u00edo Negro Arabela Carreras firmen el convenio que permitir\u00e1 a Tren Patag\u00f3nico utilizar 300 km de v\u00edas entre Aguar\u00e1 (a 15 km de [&hellip;]<\/p>\n","protected":false},"author":1,"featured_media":112359,"comment_status":"closed","ping_status":"open","sticky":false,"template":"","format":"standard","meta":{"footnotes":""},"categories":[4],"tags":[10855,9105,9644],"class_list":["post-112415","post","type-post","status-publish","format-standard","has-post-thumbnail","category-nacionales","tag-10855","tag-actualidad","tag-news"],"_links":{"self":[{"href":"https:\/\/www.rieles.com\/front\/wp-json\/wp\/v2\/posts\/112415","targetHints":{"allow":["GET"]}}],"collection":[{"href":"https:\/\/www.rieles.com\/front\/wp-json\/wp\/v2\/posts"}],"about":[{"href":"https:\/\/www.rieles.com\/front\/wp-json\/wp\/v2\/types\/post"}],"author":[{"embeddable":true,"href":"https:\/\/www.rieles.com\/front\/wp-json\/wp\/v2\/users\/1"}],"replies":[{"embeddable":true,"href":"https:\/\/www.rieles.com\/front\/wp-json\/wp\/v2\/comments?post=112415"}],"version-history":[{"count":1,"href":"https:\/\/www.rieles.com\/front\/wp-json\/wp\/v2\/posts\/112415\/revisions"}],"predecessor-version":[{"id":112416,"href":"https:\/\/www.rieles.com\/front\/wp-json\/wp\/v2\/posts\/112415\/revisions\/112416"}],"wp:featuredmedia":[{"embeddable":true,"href":"https:\/\/www.rieles.com\/front\/wp-json\/wp\/v2\/media\/112359"}],"wp:attachment":[{"href":"https:\/\/www.rieles.com\/front\/wp-json\/wp\/v2\/media?parent=112415"}],"wp:term":[{"taxonomy":"category","embeddable":true,"href":"https:\/\/www.rieles.com\/front\/wp-json\/wp\/v2\/categories?post=112415"},{"taxonomy":"post_tag","embeddable":true,"href":"https:\/\/www.rieles.com\/front\/wp-json\/wp\/v2\/tags?post=112415"}],"curies":[{"name":"wp","href":"https:\/\/api.w.org\/{rel}","templated":true}]}}