{"id":112417,"date":"2022-12-02T09:38:03","date_gmt":"2022-12-02T12:38:03","guid":{"rendered":"https:\/\/www.rieles.com\/front\/?p=112417"},"modified":"2022-12-02T09:38:05","modified_gmt":"2022-12-02T12:38:05","slug":"inauguran-el-lunes-el-parador-central-del-tren-entre-neuquen-y-plottier","status":"publish","type":"post","link":"https:\/\/www.rieles.com\/front\/inauguran-el-lunes-el-parador-central-del-tren-entre-neuquen-y-plottier\/","title":{"rendered":"Inauguran el lunes el parador central del tren entre Neuqu\u00e9n y Plottier"},"content":{"rendered":"\n<p style=\"text-align: justify;\"><strong>Neuqu\u00e9n &#8211; Argentina &#8211; 02\/12\/2022: <\/strong>El apeaje de trenes que ser\u00e1 el inicio y el fin del viaje a Plottier, se inaugurar\u00e1 el lunes en el margen sur de la vieja estaci\u00f3n de trenes (en frente, recostada sobre el sector de juegos del Parque Central) que es la que se utilizar\u00e1 hasta hoy para el servicio a Plottier.<br>Es el tercer apeadero que corta cintas este en el trayecto del Tren del Valle, que hasta octubre fue punto a punto y que actualmente tiene paradas intermedias en la ciudad de Neuqu\u00e9n en el aeropuerto y en la terminal regional de \u00f3mnibus (ETON).<br>Ser\u00e1 la estaci\u00f3n central de Neuqu\u00e9n, con corte de cintas por la tarde. El servicio (que sigue suspendido) entre Cipolletti y Neuqu\u00e9n es independiente del ramal Neuqu\u00e9n \u2013 Plottier. Desde la inauguraci\u00f3n, estaba previsto que se inaugurara el apeadero de salida.<br>Tras la apertura de los refugios de la terminal de \u00f3mnibus y el del aeropuerto a mediados de noviembre, el lunes comenzar\u00e1 a estar en uso la \u00abparada cero\u00bb del tren a Plottier. Luego quedan por poner en funcionamiento las dos paradas en el trayecto de Plottier hasta la estaci\u00f3n de esa localidad y las dos intermedias en Neuqu\u00e9n capital.<\/p>\n\n\n\n<p class=\"has-vivid-red-color has-text-color wp-block-paragraph\">Fuente: <strong><a href=\"https:\/\/www.rionegro.com.ar\/municipales\/inauguran-el-lunes-el-parador-central-del-tren-entre-neuquen-y-plottier-2622698\/\" data-type=\"URL\" data-id=\"https:\/\/www.rionegro.com.ar\/municipales\/inauguran-el-lunes-el-parador-central-del-tren-entre-neuquen-y-plottier-2622698\/\" target=\"_blank\" rel=\"noreferrer noopener\">Rio Negro<\/a><\/strong><\/p>\n","protected":false},"excerpt":{"rendered":"<p>Neuqu\u00e9n &#8211; Argentina &#8211; 02\/12\/2022: El apeaje de trenes que ser\u00e1 el inicio y el fin del viaje a Plottier, se inaugurar\u00e1 el lunes en el margen sur de la vieja estaci\u00f3n de trenes (en frente, recostada sobre el sector de juegos del Parque Central) que es la que se utilizar\u00e1 hasta hoy para el [&hellip;]<\/p>\n","protected":false},"author":1,"featured_media":112374,"comment_status":"closed","ping_status":"open","sticky":false,"template":"","format":"standard","meta":{"footnotes":""},"categories":[4],"tags":[10855,9105,9644],"class_list":["post-112417","post","type-post","status-publish","format-standard","has-post-thumbnail","category-nacionales","tag-10855","tag-actualidad","tag-news"],"_links":{"self":[{"href":"https:\/\/www.rieles.com\/front\/wp-json\/wp\/v2\/posts\/112417","targetHints":{"allow":["GET"]}}],"collection":[{"href":"https:\/\/www.rieles.com\/front\/wp-json\/wp\/v2\/posts"}],"about":[{"href":"https:\/\/www.rieles.com\/front\/wp-json\/wp\/v2\/types\/post"}],"author":[{"embeddable":true,"href":"https:\/\/www.rieles.com\/front\/wp-json\/wp\/v2\/users\/1"}],"replies":[{"embeddable":true,"href":"https:\/\/www.rieles.com\/front\/wp-json\/wp\/v2\/comments?post=112417"}],"version-history":[{"count":1,"href":"https:\/\/www.rieles.com\/front\/wp-json\/wp\/v2\/posts\/112417\/revisions"}],"predecessor-version":[{"id":112418,"href":"https:\/\/www.rieles.com\/front\/wp-json\/wp\/v2\/posts\/112417\/revisions\/112418"}],"wp:featuredmedia":[{"embeddable":true,"href":"https:\/\/www.rieles.com\/front\/wp-json\/wp\/v2\/media\/112374"}],"wp:attachment":[{"href":"https:\/\/www.rieles.com\/front\/wp-json\/wp\/v2\/media?parent=112417"}],"wp:term":[{"taxonomy":"category","embeddable":true,"href":"https:\/\/www.rieles.com\/front\/wp-json\/wp\/v2\/categories?post=112417"},{"taxonomy":"post_tag","embeddable":true,"href":"https:\/\/www.rieles.com\/front\/wp-json\/wp\/v2\/tags?post=112417"}],"curies":[{"name":"wp","href":"https:\/\/api.w.org\/{rel}","templated":true}]}}