{"id":113367,"date":"2023-02-06T05:09:33","date_gmt":"2023-02-06T08:09:33","guid":{"rendered":"https:\/\/www.rieles.com\/front\/?p=113367"},"modified":"2023-02-06T05:09:34","modified_gmt":"2023-02-06T08:09:34","slug":"fgv-adjudica-a-stadler-la-compra-de-16-tranvias","status":"publish","type":"post","link":"https:\/\/www.rieles.com\/front\/fgv-adjudica-a-stadler-la-compra-de-16-tranvias\/","title":{"rendered":"FGV adjudica a Stadler la compra de 16 Tranv\u00edas"},"content":{"rendered":"\n<p style=\"text-align: justify;\"><strong>Alicante &#8211; 06\/02\/2023: <\/strong>El contrato fija la primera entrega 24 meses despu\u00e9s de la firma del contrato y contempla una posible ampliaci\u00f3n hasta 12 unidades m\u00e1s<br>Esta actuaci\u00f3n es susceptible de ser cofinanciada por la Uni\u00f3n Europea, a trav\u00e9s del Programa Operativo del Fondo Europeo de Desarrollo Regional (FEDER) de la Comunitat Valenciana 2021-2027<br>Ferrocarrils de la Generalitat Valenciana (FGV) ha adjudicado a Stadler Rail Valencia S.A.U. la construcci\u00f3n de los primeros 16 nuevos tranv\u00edas de la serie 4.500 por un valor de 102.011.712 euros, IVA incluido. La empresa radicada en Albuixech ha sido la \u00fanica que se ha presentado al concurso p\u00fablico.<br>El contrato contempla la posibilidad de adquirir hasta otros 12 tranv\u00edas m\u00e1s, en dos lotes de seis unidades.<br>Esta actuaci\u00f3n es susceptible de ser cofinanciada por la Uni\u00f3n Europea, a trav\u00e9s del Programa Operativo del Fondo Europeo de Desarrollo Regional (FEDER) de la Comunitat Valenciana 2021-2027.<br>FGV ha previsto que estos nuevos veh\u00edculos se incorporen el parque m\u00f3vil de Metrovalencia y TRAM d\u2019Alacant, con el objetivo de cubrir las necesidades derivadas de los proyectos de ampliaci\u00f3n previsto en ambas explotaciones con vistas a los pr\u00f3ximos a\u00f1os.<br>El plazo establecido para la fabricaci\u00f3n de estas primeras 16 unidades se ha establecido en 32 meses tras la firma del contrato y que la primera unidad se entregue 24 meses, tambi\u00e9n a partir de la firma del contrato.<br>El objetivo que se pretende con estos nuevos tranv\u00edas es conseguir la mayor capacidad posible en un solo veh\u00edculo y la mayor flexibilidad en el tr\u00e1nsito de acceso\/descenso de viajeros para optimizar el recorrido. Adem\u00e1s, los veh\u00edculos ser\u00e1n plenamente accesibles, adaptados a la normativa vigente.<br>En la actualidad, FGV cuenta con 46 unidades de tranv\u00eda en servicio en las L\u00edneas 4, 6, 8 y 10 de Metrovalencia y 22 veh\u00edculos en circulaci\u00f3n en las L\u00edneas 2, 3, 4, y 5 del TRAM d\u2019Alacant.<\/p>\n\n\n\n<p class=\"has-vivid-red-color has-text-color\"><strong>Fuente: Agencia Rieles<\/strong><\/p>\n","protected":false},"excerpt":{"rendered":"<p>Alicante &#8211; 06\/02\/2023: El contrato fija la primera entrega 24 meses despu\u00e9s de la firma del contrato y contempla una posible ampliaci\u00f3n hasta 12 unidades m\u00e1sEsta actuaci\u00f3n es susceptible de ser cofinanciada por la Uni\u00f3n Europea, a trav\u00e9s del Programa Operativo del Fondo Europeo de Desarrollo Regional (FEDER) de la Comunitat Valenciana 2021-2027Ferrocarrils de la [&hellip;]<\/p>\n","protected":false},"author":1,"featured_media":102366,"comment_status":"closed","ping_status":"open","sticky":false,"template":"","format":"standard","meta":{"footnotes":""},"categories":[13902],"tags":[10855,9105,9644],"class_list":{"0":"post-113367","1":"post","2":"type-post","3":"status-publish","4":"format-standard","5":"has-post-thumbnail","7":"category-rieles-iberica","8":"tag-10855","9":"tag-actualidad","10":"tag-news"},"_links":{"self":[{"href":"https:\/\/www.rieles.com\/front\/wp-json\/wp\/v2\/posts\/113367","targetHints":{"allow":["GET"]}}],"collection":[{"href":"https:\/\/www.rieles.com\/front\/wp-json\/wp\/v2\/posts"}],"about":[{"href":"https:\/\/www.rieles.com\/front\/wp-json\/wp\/v2\/types\/post"}],"author":[{"embeddable":true,"href":"https:\/\/www.rieles.com\/front\/wp-json\/wp\/v2\/users\/1"}],"replies":[{"embeddable":true,"href":"https:\/\/www.rieles.com\/front\/wp-json\/wp\/v2\/comments?post=113367"}],"version-history":[{"count":1,"href":"https:\/\/www.rieles.com\/front\/wp-json\/wp\/v2\/posts\/113367\/revisions"}],"predecessor-version":[{"id":113368,"href":"https:\/\/www.rieles.com\/front\/wp-json\/wp\/v2\/posts\/113367\/revisions\/113368"}],"wp:featuredmedia":[{"embeddable":true,"href":"https:\/\/www.rieles.com\/front\/wp-json\/wp\/v2\/media\/102366"}],"wp:attachment":[{"href":"https:\/\/www.rieles.com\/front\/wp-json\/wp\/v2\/media?parent=113367"}],"wp:term":[{"taxonomy":"category","embeddable":true,"href":"https:\/\/www.rieles.com\/front\/wp-json\/wp\/v2\/categories?post=113367"},{"taxonomy":"post_tag","embeddable":true,"href":"https:\/\/www.rieles.com\/front\/wp-json\/wp\/v2\/tags?post=113367"}],"curies":[{"name":"wp","href":"https:\/\/api.w.org\/{rel}","templated":true}]}}