{"id":116673,"date":"2023-08-22T19:49:27","date_gmt":"2023-08-22T22:49:27","guid":{"rendered":"https:\/\/www.rieles.com\/front\/?p=116673"},"modified":"2023-08-22T19:49:29","modified_gmt":"2023-08-22T22:49:29","slug":"comunidad-de-madrid-transportes-facilita-26-millones-de-viajes-a-jovenes-en-verano-con-las-rebajas-en-billetes-de-bus-y-tren","status":"publish","type":"post","link":"https:\/\/www.rieles.com\/front\/comunidad-de-madrid-transportes-facilita-26-millones-de-viajes-a-jovenes-en-verano-con-las-rebajas-en-billetes-de-bus-y-tren\/","title":{"rendered":"Comunidad de Madrid: Transportes facilita 2,6 millones de viajes a j\u00f3venes en verano con las rebajas en billetes de bus y tren"},"content":{"rendered":"\n<p style=\"text-align: justify;\"><strong>Madrid &#8211; 22\/08\/2023: <\/strong>El 58 % de los trayectos registrados entre el 15 de junio y el 15 de agosto se han realizado en ferrocarril y el resto por carretera. Se han utilizado 15.500 pases Interrail para moverse por Europa.<br>El Ministerio de Transportes, Movilidad y Agenda Urbana ha facilitado que m\u00e1s de 915.000 j\u00f3venes de entre 18 y 30 a\u00f1os realicen unos 2,6 millones de viajes en dos meses gracias a los descuentos de hasta el 90 % en los billetes de autob\u00fas y tren para viajar este verano. En concreto, el 58 % de los trayectos realizados entre el 15 de junio y el 15 de agosto se han hecho en ferrocarril y el resto por carretera. Asimismo, el 56 % de los viajeros \u00fanicos han priorizado el tren para moverse por Espa\u00f1a.<br>En este punto, cabe destacar que, adem\u00e1s, se han registrado 15.500 Pases Interrail para viajar por toda Europa, lo que implica casi alcanzar los 17.600 pases que se vendieron en Espa\u00f1a 2022, tanto a trav\u00e9s de Renfe como de la web Interrail.eu, sin distinci\u00f3n de edad.<br>Los destinos m\u00e1s demandados hasta la fecha dentro de Espa\u00f1a est\u00e1n en Andaluc\u00eda, Valencia, Catalu\u00f1a y Madrid, ya que m\u00e1s del 60 % de los viajes tienen su origen y\/o destino en estas comunidades aut\u00f3nomas. En concreto, el 27 % de los trayectos se han realizado entre Madrid y Catalu\u00f1a, Madrid y la comunidad valenciana y entre Madrid y Andaluc\u00eda. En este sentido, las rutas dos m\u00e1s demandadas se realizan entre Madrid-y Barcelona y Madrid y Valencia, seguidas por los trayectos entre Madrid y Alicante, M\u00e1laga, Sevilla, Granada. Los viajes entre Madrid y Bilbao, y viceversa, tambi\u00e9n se encuentran entre los 10 trayectos m\u00e1s demandados,<br>Andaluc\u00eda lidera como la regi\u00f3n con m\u00e1s viajes internos registrados, con el 7,5 % del total, seguida por Galicia (4 %) y Catalu\u00f1a (3,1 %).<br>Este primer balance de la medida, vigente entre el 15 de junio y el 15 de septiembre de 2023, refleja su buena aceptaci\u00f3n entre los j\u00f3venes y contribuci\u00f3n para promover el uso del transporte p\u00fablico colectivo para descubrir nuestro pa\u00eds, un modo m\u00e1s eficiente y sostenible.<br>El balance se ha realizado con los datos de los billetes utilizados que cada operador ha trasladado al Ministerio de Transportes, Movilidad y Agenda Urbana, por lo que se pueden registrar ajustes al alza hasta el final del periodo de aplicaci\u00f3n de la medida.<br><strong>Registros<\/strong><br>Para beneficiarse de la medida, los j\u00f3venes espa\u00f1oles o de alg\u00fan pa\u00eds de la Uni\u00f3n Europea con residencia legal en Espa\u00f1a, nacidos entre 1993 y 2005, deber\u00e1n registrarse en el formulario de la p\u00e1gina web del Ministerio de Transportes, Movilidad y Agenda Urbana para confirmar que cumplen los requisitos exigidos y, en su caso, obtener el c\u00f3digo personal e intransferible que deber\u00e1n utilizar para adquirir el pase Interrail y los billetes de tren y autob\u00fas rebajados en las webs de los respectivos operadores.<br>En este sentido, ya se han registrado con su DNI o NIE y obtenido el c\u00f3digo de descuento 1,7 millones de j\u00f3venes desde que se abri\u00f3 el plazo de inscripci\u00f3n el pasado 1 de junio.<br>El c\u00f3digo, que se env\u00eda al tel\u00e9fono m\u00f3vil o al correo electr\u00f3nico, es v\u00e1lido para todo el periodo y todos los medios de transporte incluidos.<br><strong>Los descuentos<\/strong><br>Las bonificaciones se aplican sobre el precio de los billetes sencillos o de ida y vuelta que tengan fecha para viajar entre el 15 de junio y el 15 de septiembre de 2023.<\/p>\n\n\n\n<pre class=\"wp-block-code\"><code><p style=\"text-align: justify;\"><strong>De esta forma, las rebajas quedan as\u00ed:<\/strong><br>Descuento del 90 % en los servicios de media distancia convencional y en red de ancho m\u00e9trico.<br>Descuento del 50 % en los t\u00edtulos sencillos de Avant.<br><strong>Para servicios comerciales de larga distancia o alta velocidad de todos los operadores ferroviarios:<\/strong> descuento del 50 %, con un m\u00e1ximo de 30 euros por billete.<br>Descuento del 90 % para servicios de autob\u00fas regular de competencia estatal.<br>Descuento del 50 % del Global Flexible de Interrail de 10 d\u00edas en 2 meses, cuando se comercialice a trav\u00e9s de Renfe. La rebaja se aplica sobre las tarifas oficiales de Interrail, con sus caracter\u00edsticas de precio seg\u00fan edad, etc.<br><strong>Condiciones y sanciones<\/strong><br>Los billetes con descuentos est\u00e1n sujetos a una serie de condiciones para evitar su uso inadecuado, incluyendo la posibilidad de sanciones. As\u00ed, el Ministerio podr\u00e1 proceder a la retirada del C\u00f3digo de Registro a las personas beneficiarias que acumulen m\u00e1s de seis usos indebidos detectados, ya sea en el transporte por ferrocarril o por carretera.<\/p><\/code><\/pre>\n\n\n\n<pre class=\"wp-block-code\"><code><p style=\"text-align: justify;\"><strong>Se considera uso indebido los siguientes casos:<\/strong><br>La utilizaci\u00f3n del C\u00f3digo de Registro por una persona distinta al beneficiario registrado. El C\u00f3digo es personal e intransferible.<br>Se considerar\u00e1 uso indebido no cancelar un viaje formalizado y no realizado con una antelaci\u00f3n m\u00ednima de 24 horas. La empresa podr\u00e1 reducir este plazo de acuerdo con sus pr\u00e1cticas habituales de comercializaci\u00f3n y venta.<br>En el caso de las l\u00edneas de autob\u00fas estatales, la empresa concesionaria podr\u00e1 reducir este plazo de 24 horas en trayectos de corta duraci\u00f3n en los que la mayor\u00eda de los desplazamientos respondan a una movilidad obligada. As\u00ed, no se considerar\u00e1 uso indebido el cambio de billete en este tipo de trayectos.<br>Se impedir\u00e1 la reserva en la misma empresa ferroviaria o de autob\u00fas de m\u00e1s de un viaje de ida y vuelta por d\u00eda para un mismo origen-destino, salvo que previamente se haya efectuado el viaje o procedido a su cancelaci\u00f3n.<\/p><\/code><\/pre>\n\n\n\n<p style=\"text-align: justify;\"><strong>Un transporte accesible para los j\u00f3venes<\/strong><br>En la actual situaci\u00f3n derivada de la invasi\u00f3n de Ucrania por Rusia, marcada por las tensiones inflacionistas que afectan, entre otros, al sector del transporte de viajeros, es necesario adoptar una pol\u00edtica p\u00fablica que facilite a los j\u00f3venes el uso del transporte p\u00fablico en sus desplazamientos, tanto por Espa\u00f1a como por Europa, durante la \u00e9poca estival de 2023.<br>Con ello se persigue facilitar los viajes de ocio durante el verano mediante la utilizaci\u00f3n de un medio de transporte m\u00e1s seguro, fiable, c\u00f3modo, econ\u00f3mico y sostenible que el veh\u00edculo particular. Asimismo, se busca contribuir a potenciar su aprendizaje e independencia y a fortalecer las relaciones personales y el sentimiento europeo.<br>Al mismo tiempo, se busca ayudar a la recuperaci\u00f3n del sector tur\u00edstico y del sector cultural en su consolidaci\u00f3n tras la pandemia, potenciando los destinos nacionales y colaborando con el desarrollo de la Espa\u00f1a rural.<\/p>\n\n\n\n<p style=\"text-align: justify;\"><strong>Interrail<\/strong><br>Ya en el marco europeo, Interrail es un pase personal e intransferible, que puede ser adquirido y utilizado por personas residentes legalmente en Europa y que permite viajar en tren por 33 pa\u00edses europeos o en barco (entre Italia y Grecia). Con m\u00e1s de 50 a\u00f1os de existencia, ha sido utilizado por millones de j\u00f3venes como forma de viajar por Europa.<br>Las instituciones europeas han reconocido el papel del Pase Interrail como instrumento para favorecer el conocimiento del resto de pa\u00edses de la Uni\u00f3n Europea para los j\u00f3venes y, por tanto, para \u00abcrear Europa\u00bb.<br>Desde Espa\u00f1a, el Gobierno comparte el objetivo de la Uni\u00f3n Europea y se quiere facilitar que los j\u00f3venes de nacionalidad espa\u00f1ola o de alg\u00fan pa\u00eds de la Uni\u00f3n Europea con residencia legal en Espa\u00f1a puedan acceder a este tipo de viajes durante el periodo estival de 2023.<\/p>\n\n\n\n<p class=\"has-vivid-red-color has-text-color\"><strong>Fuente: Agencia Rieles<\/strong><\/p>\n","protected":false},"excerpt":{"rendered":"<p>Madrid &#8211; 22\/08\/2023: El 58 % de los trayectos registrados entre el 15 de junio y el 15 de agosto se han realizado en ferrocarril y el resto por carretera. Se han utilizado 15.500 pases Interrail para moverse por Europa.El Ministerio de Transportes, Movilidad y Agenda Urbana ha facilitado que m\u00e1s de 915.000 j\u00f3venes de [&hellip;]<\/p>\n","protected":false},"author":1,"featured_media":116658,"comment_status":"closed","ping_status":"open","sticky":false,"template":"","format":"standard","meta":{"footnotes":""},"categories":[13902],"tags":[10855,9105,9644],"class_list":{"0":"post-116673","1":"post","2":"type-post","3":"status-publish","4":"format-standard","5":"has-post-thumbnail","7":"category-rieles-iberica","8":"tag-10855","9":"tag-actualidad","10":"tag-news"},"_links":{"self":[{"href":"https:\/\/www.rieles.com\/front\/wp-json\/wp\/v2\/posts\/116673","targetHints":{"allow":["GET"]}}],"collection":[{"href":"https:\/\/www.rieles.com\/front\/wp-json\/wp\/v2\/posts"}],"about":[{"href":"https:\/\/www.rieles.com\/front\/wp-json\/wp\/v2\/types\/post"}],"author":[{"embeddable":true,"href":"https:\/\/www.rieles.com\/front\/wp-json\/wp\/v2\/users\/1"}],"replies":[{"embeddable":true,"href":"https:\/\/www.rieles.com\/front\/wp-json\/wp\/v2\/comments?post=116673"}],"version-history":[{"count":1,"href":"https:\/\/www.rieles.com\/front\/wp-json\/wp\/v2\/posts\/116673\/revisions"}],"predecessor-version":[{"id":116674,"href":"https:\/\/www.rieles.com\/front\/wp-json\/wp\/v2\/posts\/116673\/revisions\/116674"}],"wp:featuredmedia":[{"embeddable":true,"href":"https:\/\/www.rieles.com\/front\/wp-json\/wp\/v2\/media\/116658"}],"wp:attachment":[{"href":"https:\/\/www.rieles.com\/front\/wp-json\/wp\/v2\/media?parent=116673"}],"wp:term":[{"taxonomy":"category","embeddable":true,"href":"https:\/\/www.rieles.com\/front\/wp-json\/wp\/v2\/categories?post=116673"},{"taxonomy":"post_tag","embeddable":true,"href":"https:\/\/www.rieles.com\/front\/wp-json\/wp\/v2\/tags?post=116673"}],"curies":[{"name":"wp","href":"https:\/\/api.w.org\/{rel}","templated":true}]}}