{"id":126686,"date":"2024-02-06T11:37:03","date_gmt":"2024-02-06T14:37:03","guid":{"rendered":"https:\/\/www.rieles.com\/front\/?p=126686"},"modified":"2024-02-06T11:37:04","modified_gmt":"2024-02-06T14:37:04","slug":"comunidad-de-madrid-el-gobierno-autoriza-licitar-el-suministro-de-carril-para-la-construccion-de-nuevas-lineas-de-alta-velocidad-por-1107-millones-de-euros","status":"publish","type":"post","link":"https:\/\/www.rieles.com\/front\/comunidad-de-madrid-el-gobierno-autoriza-licitar-el-suministro-de-carril-para-la-construccion-de-nuevas-lineas-de-alta-velocidad-por-1107-millones-de-euros\/","title":{"rendered":"Comunidad de Madrid: El Gobierno autoriza licitar el suministro de carril para la construcci\u00f3n de nuevas l\u00edneas de alta velocidad por 110,7 millones de euros"},"content":{"rendered":"\n<p style=\"text-align: justify;\"><strong>Madrid &#8211; 06\/02\/2024: <\/strong>El Consejo de Ministros ha autorizado hoy al Ministerio de Transportes y Movilidad Sostenible a licitar, a trav\u00e9s de Adif Alta Velocidad, el acuerdo marco para el suministro y transporte de carril para la construcci\u00f3n de nuevas l\u00edneas y la duplicaci\u00f3n de v\u00eda de l\u00edneas existentes de alta velocidad.<br>El valor estimado del contrato alcanza los 110,7 millones de euros (IVA no incluido). En concreto, el carril objeto de este contrato ir\u00e1 destinado, principalmente, a la construcci\u00f3n del Corredor Mediterr\u00e1neo de Alta Velocidad Murcia-Almer\u00eda, la conexi\u00f3n Murcia-Cartagena (tramo Torre Pacheco-Cartagena), la duplicaci\u00f3n de v\u00eda de la l\u00ednea de alta velocidad Antequera-Granada y al tramo Olmedo-Zamora de la l\u00ednea Madrid-Galicia.<br>Junto al suministro, el acuerdo contempla las operaciones de transporte, carga y descarga desde la f\u00e1brica o taller hasta el tajo, base de montaje o estaci\u00f3n.<\/p>\n\n\n\n<p class=\"has-vivid-red-color has-text-color\"><strong>Fuente: Agencia Rieles<\/strong><\/p>\n","protected":false},"excerpt":{"rendered":"<p>Madrid &#8211; 06\/02\/2024: El Consejo de Ministros ha autorizado hoy al Ministerio de Transportes y Movilidad Sostenible a licitar, a trav\u00e9s de Adif Alta Velocidad, el acuerdo marco para el suministro y transporte de carril para la construcci\u00f3n de nuevas l\u00edneas y la duplicaci\u00f3n de v\u00eda de l\u00edneas existentes de alta velocidad.El valor estimado del [&hellip;]<\/p>\n","protected":false},"author":1,"featured_media":126687,"comment_status":"closed","ping_status":"open","sticky":false,"template":"","format":"standard","meta":{"footnotes":""},"categories":[13902],"tags":[10855,9105,9644],"class_list":{"0":"post-126686","1":"post","2":"type-post","3":"status-publish","4":"format-standard","5":"has-post-thumbnail","7":"category-rieles-iberica","8":"tag-10855","9":"tag-actualidad","10":"tag-news"},"_links":{"self":[{"href":"https:\/\/www.rieles.com\/front\/wp-json\/wp\/v2\/posts\/126686","targetHints":{"allow":["GET"]}}],"collection":[{"href":"https:\/\/www.rieles.com\/front\/wp-json\/wp\/v2\/posts"}],"about":[{"href":"https:\/\/www.rieles.com\/front\/wp-json\/wp\/v2\/types\/post"}],"author":[{"embeddable":true,"href":"https:\/\/www.rieles.com\/front\/wp-json\/wp\/v2\/users\/1"}],"replies":[{"embeddable":true,"href":"https:\/\/www.rieles.com\/front\/wp-json\/wp\/v2\/comments?post=126686"}],"version-history":[{"count":1,"href":"https:\/\/www.rieles.com\/front\/wp-json\/wp\/v2\/posts\/126686\/revisions"}],"predecessor-version":[{"id":126688,"href":"https:\/\/www.rieles.com\/front\/wp-json\/wp\/v2\/posts\/126686\/revisions\/126688"}],"wp:featuredmedia":[{"embeddable":true,"href":"https:\/\/www.rieles.com\/front\/wp-json\/wp\/v2\/media\/126687"}],"wp:attachment":[{"href":"https:\/\/www.rieles.com\/front\/wp-json\/wp\/v2\/media?parent=126686"}],"wp:term":[{"taxonomy":"category","embeddable":true,"href":"https:\/\/www.rieles.com\/front\/wp-json\/wp\/v2\/categories?post=126686"},{"taxonomy":"post_tag","embeddable":true,"href":"https:\/\/www.rieles.com\/front\/wp-json\/wp\/v2\/tags?post=126686"}],"curies":[{"name":"wp","href":"https:\/\/api.w.org\/{rel}","templated":true}]}}