{"id":127056,"date":"2024-03-05T19:21:59","date_gmt":"2024-03-05T22:21:59","guid":{"rendered":"https:\/\/www.rieles.com\/front\/?p=127056"},"modified":"2024-03-05T19:22:01","modified_gmt":"2024-03-05T22:22:01","slug":"hacia-un-camino-sin-retorno-nuestra-red-ferroviaria-tendria-un-cartel-de-se-vende","status":"publish","type":"post","link":"https:\/\/www.rieles.com\/front\/hacia-un-camino-sin-retorno-nuestra-red-ferroviaria-tendria-un-cartel-de-se-vende\/","title":{"rendered":"Hacia un camino sin retorno \u2013 Nuestra red ferroviaria, tendr\u00eda un cartel de \u00abSE VENDE\u00bb"},"content":{"rendered":"\n<p style=\"text-align: justify;\"><strong>05\/03\/2024: <\/strong>Hace un par de semanas nos lleg\u00f3 a nuestra redacci\u00f3n informaci\u00f3n acerca de los proyectos que se est\u00e1n llevando adelante entre la<strong> Jefatura de Gabinete<\/strong> de ministros y el <strong>Ministerio de Econom\u00eda<\/strong>.<br>Dentro de los cuales se encuentra la reformulaci\u00f3n del puerto de la ciudad de Buenos Aires, los bienes que pertenecen a <strong>Fabricaciones Militares<\/strong>, <strong>Tandanor<\/strong> y algo que nos toca de lleno que es el proyecto de privatizaci\u00f3n del <strong>Sistema Ferroviario<\/strong> del AMBA. Que significa esto, es simple se vender\u00edan las instalaciones (Estaciones Terminales, estaciones, talleres (y sus instalaciones m\u00f3viles y fijas), traza ferroviaria, los terrenos aleda\u00f1os que pertenecen a cada l\u00ednea) y el material rodante.<br>Ahora bien, como se podr\u00eda llevar adelante esto en caso que avance el proyecto, como todos sabr\u00e1n est\u00e1n vigentes la <strong>ley 26.352, la cual establece que Trenes Argentinos Infraestructura<\/strong> es la responsable y titular de toda la infraestructura y por otro tenemos sancionada en el a\u00f1o 2015 por unanimidad la <strong>ley 27.132<\/strong>; la cual da los lineamientos en forma muy clara para que el estado tome el rol rector de la gesti\u00f3n del mantenimiento y reconstrucci\u00f3n de la infraestructura ferroviaria.<br>Por estas simples razones cualquier acci\u00f3n que se quiera llevar en ese sentido deber\u00e1n derogar las citadas leyes, para lo cual se debe recurrir al congreso; pero bien teniendo en cuenta el gobierno actual las modificaciones se podr\u00eda llevar adelante mediante un DNU, el cual seguramente ser\u00e1 cuestionado.<\/p>\n\n\n\n<figure class=\"wp-block-image size-large\"><img loading=\"lazy\" decoding=\"async\" width=\"1024\" height=\"683\" src=\"https:\/\/www.rieles.com\/front\/wp-content\/uploads\/Tren-de-la-Costa-2-1-1024x683.jpg\" alt=\"\" class=\"wp-image-109054\" srcset=\"https:\/\/www.rieles.com\/front\/wp-content\/uploads\/Tren-de-la-Costa-2-1.jpg 1024w, https:\/\/www.rieles.com\/front\/wp-content\/uploads\/Tren-de-la-Costa-2-1-300x200.jpg 300w, https:\/\/www.rieles.com\/front\/wp-content\/uploads\/Tren-de-la-Costa-2-1-768x512.jpg 768w, https:\/\/www.rieles.com\/front\/wp-content\/uploads\/Tren-de-la-Costa-2-1-1536x1025.jpg 1536w, https:\/\/www.rieles.com\/front\/wp-content\/uploads\/Tren-de-la-Costa-2-1-150x100.jpg 150w, https:\/\/www.rieles.com\/front\/wp-content\/uploads\/Tren-de-la-Costa-2-1-696x464.jpg 696w, https:\/\/www.rieles.com\/front\/wp-content\/uploads\/Tren-de-la-Costa-2-1-1068x712.jpg 1068w, https:\/\/www.rieles.com\/front\/wp-content\/uploads\/Tren-de-la-Costa-2-1-1920x1281.jpg 1920w, https:\/\/www.rieles.com\/front\/wp-content\/uploads\/Tren-de-la-Costa-2-1-630x420.jpg 630w\" sizes=\"auto, (max-width: 1024px) 100vw, 1024px\" \/><figcaption class=\"wp-element-caption\">El trazado del Tren de la Costa, atraviesa localidades donde el valor inmobiliario es muy alto.<\/figcaption><\/figure>\n\n\n\n<p style=\"text-align: justify;\">El proyecto que est\u00e1 en estudio tiene como fin privatizar integralmente cada l\u00ednea ferroviaria por separado, a saber: L\u00ednea Sarmiento, L\u00ednea Mitre (incluido Tren de la Costa), L\u00ednea Roca, L\u00ednea San Mart\u00edn, L\u00ednea Urquiza y L\u00edneas Belgrano Sur\/Norte; ya que ser\u00eda m\u00e1s viable para que sea m\u00e1s atractivo para un grupo empresario.<br>Durante estos d\u00edas los rumores se orientaban a empresas locales que actualmente operan los servicios ferroviarios podr\u00edan estar interesadas; pero la realidad es que este negocio no estar\u00eda orientado a un sector empresario que este ligado al sistema ferroviario sino todo lo contrario m\u00e1s ligado al desarrollo inmobiliario ya que si se analiza el mismo se podr\u00e1 apreciar todo lo que se puede desarrollar a lo largo de 60 km lineales o m\u00e1s de cada l\u00ednea ferroviaria.<br>Ante esto los principales inversores que podr\u00edan estar interesados son fondos de inversi\u00f3n que estuvieron ligados a embargos realizados hacia nuestro pa\u00eds con bonos en Default, adem\u00e1s hay grupos econ\u00f3micos de desarrollos inmobiliarios en nuestro pa\u00eds siendo uno de ellos el que opera los shoppings m\u00e1s relevantes de Argentina, adem\u00e1s de estar interesado en el predio que hoy d\u00eda posee TANDANOR.<br>De concretarse, estos grupos inversores ir\u00e1n de la mano de alg\u00fan operador local o internacional, para poder acceder al negocio a lo que uno se pregunta cuando se termine el desarrollo inmobiliario que garant\u00edas tiene el gobierno para que el privado no diga que es imposible mantener el sistema porque no es rentable; que acci\u00f3n tomara el mismo al tener muchas opciones y esto derivara en un desmembramiento de las bienes por lo cual no podr\u00e1 retomar el control de un sistema totalmente diezmado compar\u00e1ndolo al momento de una posible venta.<br>Por otra parte, cu\u00e1les ser\u00e1n los organismos de control (que posean un equipo t\u00e9cnico con experiencia) que tendr\u00edan que reformularse para llevar adelante la fiscalizaci\u00f3n; adem\u00e1s como ser\u00e1 el proceso de traspaso de los trabajadores ferroviarios (ya que si uno recuerda el proceso que se llevo adelante en los 90\u00b4s da mucha incertidumbre), en donde los sindicatos seguramente tendr\u00e1n un rol m\u00e1s que importante.<br>No se entiende cual es el modelo que estamos copiando o queriendo copiar ya que no hay ferrocarril de pasajeros con una red compleja y con una capacidad de transporte similar a la nuestra en el mundo que se haya vendido integralmente. En definitiva, uno piensa en la mejora del sistema, pero nunca se piensa en algo que a futuro termine con la destrucci\u00f3n del sistema ferroviario.<\/p>\n\n\n\n<figure class=\"wp-block-image size-large\"><img loading=\"lazy\" decoding=\"async\" width=\"1024\" height=\"576\" src=\"https:\/\/www.rieles.com\/front\/wp-content\/uploads\/FOTO-LAS-OBRAS-DE-LA-ESTACION-CONSTITUCION-ESTAN-CADA-VEZ-MAS-CERCA-DE-TERMINAR.JPG-1-1024x576.jpg\" alt=\"\" class=\"wp-image-110671\" srcset=\"https:\/\/www.rieles.com\/front\/wp-content\/uploads\/FOTO-LAS-OBRAS-DE-LA-ESTACION-CONSTITUCION-ESTAN-CADA-VEZ-MAS-CERCA-DE-TERMINAR.JPG-1-scaled.jpg 1024w, https:\/\/www.rieles.com\/front\/wp-content\/uploads\/FOTO-LAS-OBRAS-DE-LA-ESTACION-CONSTITUCION-ESTAN-CADA-VEZ-MAS-CERCA-DE-TERMINAR.JPG-1-300x169.jpg 300w, https:\/\/www.rieles.com\/front\/wp-content\/uploads\/FOTO-LAS-OBRAS-DE-LA-ESTACION-CONSTITUCION-ESTAN-CADA-VEZ-MAS-CERCA-DE-TERMINAR.JPG-1-768x432.jpg 768w, https:\/\/www.rieles.com\/front\/wp-content\/uploads\/FOTO-LAS-OBRAS-DE-LA-ESTACION-CONSTITUCION-ESTAN-CADA-VEZ-MAS-CERCA-DE-TERMINAR.JPG-1-1536x864.jpg 1536w, https:\/\/www.rieles.com\/front\/wp-content\/uploads\/FOTO-LAS-OBRAS-DE-LA-ESTACION-CONSTITUCION-ESTAN-CADA-VEZ-MAS-CERCA-DE-TERMINAR.JPG-1-2048x1152.jpg 2048w, https:\/\/www.rieles.com\/front\/wp-content\/uploads\/FOTO-LAS-OBRAS-DE-LA-ESTACION-CONSTITUCION-ESTAN-CADA-VEZ-MAS-CERCA-DE-TERMINAR.JPG-1-150x84.jpg 150w, https:\/\/www.rieles.com\/front\/wp-content\/uploads\/FOTO-LAS-OBRAS-DE-LA-ESTACION-CONSTITUCION-ESTAN-CADA-VEZ-MAS-CERCA-DE-TERMINAR.JPG-1-696x392.jpg 696w, https:\/\/www.rieles.com\/front\/wp-content\/uploads\/FOTO-LAS-OBRAS-DE-LA-ESTACION-CONSTITUCION-ESTAN-CADA-VEZ-MAS-CERCA-DE-TERMINAR.JPG-1-1068x601.jpg 1068w, https:\/\/www.rieles.com\/front\/wp-content\/uploads\/FOTO-LAS-OBRAS-DE-LA-ESTACION-CONSTITUCION-ESTAN-CADA-VEZ-MAS-CERCA-DE-TERMINAR.JPG-1-1920x1080.jpg 1920w, https:\/\/www.rieles.com\/front\/wp-content\/uploads\/FOTO-LAS-OBRAS-DE-LA-ESTACION-CONSTITUCION-ESTAN-CADA-VEZ-MAS-CERCA-DE-TERMINAR.JPG-1-747x420.jpg 747w\" sizes=\"auto, (max-width: 1024px) 100vw, 1024px\" \/><figcaption class=\"wp-element-caption\">Con solo ver la magnitud de la Estaci\u00f3n Plaza Constituci\u00f3n, nadie puede negar que all\u00ed se pueda llevar adelante un desarrollo inmobiliario.<\/figcaption><\/figure>\n\n\n\n<p style=\"text-align: justify;\">Para tomar en cuenta los t\u00e9cnicos del \u00e1rea de jefatura de gabinete o el ministerio de econom\u00eda, porque pareciera que no est\u00e1n al tanto que urbes tan importantes como Buenos Aires, los servicios ferroviarios son subsidiados ya que se toma en cuenta la rentabilidad social y no la econ\u00f3mica; pero fundamentalmente se toma la importancia que tiene<strong> \u201cLa Movilidad\u201d<\/strong>, la cual repercute directamente en las econom\u00edas de un pa\u00eds. A modo de consejo tendr\u00edan que leer el trabajo que presento en su momento el General de Marchi sobre el<strong> \u201cCosto de las Externalidades\u201d<\/strong> (en el Congreso Panamericano de Ferrocarriles, desarrollado en La Habana en el a\u00f1o 1979), el cual se explica con lujo de detalle los beneficios que obtiene un pa\u00eds cuando invierte en un sistema ferroviario; y pasamos un aviso este trabajo fue tomado como base en pa\u00edses como Francia, Espa\u00f1a y Alemania y los cuales si los comparamos como eran esos mismos ferrocarriles en la d\u00e9cada del 70\u00b4s y lo que son hoy d\u00eda en cada uno de esos pa\u00edses, tendr\u00e1n m\u00e1s que justificativos.<br>Tenemos que ser claros, si el camino que se toma es este, se deben tener todas las garant\u00edas formales para la protecci\u00f3n del sistema ferroviario, y deben intervenir a nuestro entender: los municipios; los gobiernos de la ciudad de Buenos Aires y de la provincia de Buenos Aires; los sindicatos y las asociaciones de usuarios los cuales deben ser incluidos como parte activa en el control y seguimiento de la privatizaci\u00f3n.<\/p>\n\n\n\n<figure class=\"wp-block-image size-full\"><img loading=\"lazy\" decoding=\"async\" width=\"880\" height=\"512\" src=\"https:\/\/www.rieles.com\/front\/wp-content\/uploads\/20220409014035_prueba.jpg\" alt=\"\" class=\"wp-image-108318\" srcset=\"https:\/\/www.rieles.com\/front\/wp-content\/uploads\/20220409014035_prueba.jpg 880w, https:\/\/www.rieles.com\/front\/wp-content\/uploads\/20220409014035_prueba-300x175.jpg 300w, https:\/\/www.rieles.com\/front\/wp-content\/uploads\/20220409014035_prueba-768x447.jpg 768w, https:\/\/www.rieles.com\/front\/wp-content\/uploads\/20220409014035_prueba-150x87.jpg 150w, https:\/\/www.rieles.com\/front\/wp-content\/uploads\/20220409014035_prueba-696x405.jpg 696w, https:\/\/www.rieles.com\/front\/wp-content\/uploads\/20220409014035_prueba-722x420.jpg 722w\" sizes=\"auto, (max-width: 880px) 100vw, 880px\" \/><figcaption class=\"wp-element-caption\">La L\u00ednea San Mart\u00edn es otra de las que dispone a lo largo de su trazado, zonas con un alto valor inmobiliario.<\/figcaption><\/figure>\n\n\n\n<p style=\"text-align: justify;\">Para finalizar estamos frente a una situaci\u00f3n muy preocupante que se puede desarrollar en nuestro pa\u00eds, para lo cual el sector ferroviario tiene que estar m\u00e1s unido que nunca, pero no con el esp\u00edritu de confrontar sino por el contrario tenemos que brindar alternativas para mejorar y potenciar lo que tenemos sin permitir que nuestro ferrocarril vaya hacia un camino sin retorno.<\/p>\n\n\n\n<p class=\"has-vivid-red-color has-text-color\"><strong>Fuente: Agencia Rieles<\/strong><\/p>\n","protected":false},"excerpt":{"rendered":"<p>05\/03\/2024: Hace un par de semanas nos lleg\u00f3 a nuestra redacci\u00f3n informaci\u00f3n acerca de los proyectos que se est\u00e1n llevando adelante entre la Jefatura de Gabinete de ministros y el Ministerio de Econom\u00eda.Dentro de los cuales se encuentra la reformulaci\u00f3n del puerto de la ciudad de Buenos Aires, los bienes que pertenecen a Fabricaciones Militares, [&hellip;]<\/p>\n","protected":false},"author":1,"featured_media":115621,"comment_status":"closed","ping_status":"open","sticky":false,"template":"","format":"standard","meta":{"footnotes":""},"categories":[4,9161],"tags":[10855,9105,9644],"class_list":{"0":"post-127056","1":"post","2":"type-post","3":"status-publish","4":"format-standard","5":"has-post-thumbnail","7":"category-nacionales","8":"category-rielesagencia","9":"tag-10855","10":"tag-actualidad","11":"tag-news"},"_links":{"self":[{"href":"https:\/\/www.rieles.com\/front\/wp-json\/wp\/v2\/posts\/127056","targetHints":{"allow":["GET"]}}],"collection":[{"href":"https:\/\/www.rieles.com\/front\/wp-json\/wp\/v2\/posts"}],"about":[{"href":"https:\/\/www.rieles.com\/front\/wp-json\/wp\/v2\/types\/post"}],"author":[{"embeddable":true,"href":"https:\/\/www.rieles.com\/front\/wp-json\/wp\/v2\/users\/1"}],"replies":[{"embeddable":true,"href":"https:\/\/www.rieles.com\/front\/wp-json\/wp\/v2\/comments?post=127056"}],"version-history":[{"count":1,"href":"https:\/\/www.rieles.com\/front\/wp-json\/wp\/v2\/posts\/127056\/revisions"}],"predecessor-version":[{"id":127057,"href":"https:\/\/www.rieles.com\/front\/wp-json\/wp\/v2\/posts\/127056\/revisions\/127057"}],"wp:featuredmedia":[{"embeddable":true,"href":"https:\/\/www.rieles.com\/front\/wp-json\/wp\/v2\/media\/115621"}],"wp:attachment":[{"href":"https:\/\/www.rieles.com\/front\/wp-json\/wp\/v2\/media?parent=127056"}],"wp:term":[{"taxonomy":"category","embeddable":true,"href":"https:\/\/www.rieles.com\/front\/wp-json\/wp\/v2\/categories?post=127056"},{"taxonomy":"post_tag","embeddable":true,"href":"https:\/\/www.rieles.com\/front\/wp-json\/wp\/v2\/tags?post=127056"}],"curies":[{"name":"wp","href":"https:\/\/api.w.org\/{rel}","templated":true}]}}