{"id":128016,"date":"2024-06-04T15:06:16","date_gmt":"2024-06-04T18:06:16","guid":{"rendered":"https:\/\/www.rieles.com\/front\/?p=128016"},"modified":"2024-06-04T15:06:18","modified_gmt":"2024-06-04T18:06:18","slug":"el-tranvia-de-tenerife-cumple-17-anos-de-servicio-con-mas-de-240-millones-de-pasajeros-transportados","status":"publish","type":"post","link":"https:\/\/www.rieles.com\/front\/el-tranvia-de-tenerife-cumple-17-anos-de-servicio-con-mas-de-240-millones-de-pasajeros-transportados\/","title":{"rendered":"El Tranv\u00eda de Tenerife cumple 17 a\u00f1os de servicio con m\u00e1s de 240 millones de pasajeros transportados"},"content":{"rendered":"\n<p style=\"text-align: justify;\"><strong>04\/06\/2024: <\/strong>El 2 de junio de 2007 se inaugur\u00f3 en Tenerife el servicio de su nuevo metro ligero, el medio de transporte que regresaba a la isla bajo el recuerdo del antiguo tranv\u00eda que la recorr\u00eda hasta mitad del siglo XX. Los modernos veh\u00edculos cambiaron la movilidad de la zona metropolitana, aportando puntualidad, frecuencia y alta capacidad para que los ciudadanos pudieran desplazarse con seguridad y eficacia en un \u00e1rea que estaba sufriendo graves problemas de tr\u00e1fico y contaminaci\u00f3n. Un transporte el\u00e9ctrico y sostenible que cambi\u00f3 los h\u00e1bitos de movilidad de chicharreros, laguneros y visitantes.<br>Tranv\u00eda circulando hacia parada La Paz.<br>El Tranv\u00eda de Tenerife se puso en servicio despu\u00e9s de la ejecuci\u00f3n de una importante obra entre Santa Cruz y La Laguna, por la que se urbanizaron de fachada a fachada los m\u00e1s de doce kil\u00f3metros del nuevo trazado. Nuevas calles y avenidas, viaductos, refuerzo de puentes, plantaci\u00f3n de nuevos \u00e1rboles, c\u00e9sped en una gran parte de la l\u00ednea, renovaci\u00f3n de canalizaciones y conducciones de servicios, creaci\u00f3n de nuevos espacios para las ciudades, y la definitiva puesta en marcha de un tranv\u00eda que desde el minuto uno fue acogido con entusiasmo por la poblaci\u00f3n.<br>El tranv\u00eda, operado por Metrotenerife, empresa del Cabildo insular, cumple este 2 de junio diecisiete a\u00f1os de servicio. A\u00f1os en los que ha registrado m\u00e1s de 240 millones de pasajeros y que en la actualidad alcanza una demanda de 90.000 pasajeros diarios. La red tranviaria est\u00e1 integrada por la L\u00ednea 1 y la L\u00ednea 2, la cual fue inaugurada en 2009. Da servicio al 66% de la poblaci\u00f3n residente del \u00e1rea metropolitana contribuyendo as\u00ed la mejora de su calidad medioambiental ya que evita al a\u00f1o unos 3 millones de desplazamiento en veh\u00edculo privado.<\/p>\n\n\n\n<figure class=\"wp-block-image size-full is-resized\"><img loading=\"lazy\" decoding=\"async\" src=\"https:\/\/www.rieles.com\/front\/wp-content\/uploads\/2024\/06\/TENERIFE-2.png\" alt=\"\" class=\"wp-image-127994\" width=\"695\" height=\"928\"\/><\/figure>\n\n\n\n<p style=\"text-align: justify;\"><strong>Cartel de la campa\u00f1a de aniversario.<\/strong><br>El Tranv\u00eda de Tenerife cumple diecisiete a\u00f1os donde lo importante han sido los millones de clientes que ha transportado y a los que se dirige el mensaje de su campa\u00f1a de aniversario: \u2018Cumplimos contigo 17 a\u00f1os\u2019. El dise\u00f1o se podr\u00e1 ver en el interior de los tranv\u00edas, en los mupis de paradas de la red y en las redes sociales de la compa\u00f1\u00eda.<\/p>\n\n\n\n<figure class=\"wp-block-image size-large\"><img loading=\"lazy\" decoding=\"async\" width=\"1024\" height=\"914\" src=\"https:\/\/www.rieles.com\/front\/wp-content\/uploads\/2024\/06\/TENERIFE-3-1024x914.jpg\" alt=\"\" class=\"wp-image-127995\" srcset=\"https:\/\/www.rieles.com\/front\/wp-content\/uploads\/2024\/06\/TENERIFE-3.jpg 1024w, https:\/\/www.rieles.com\/front\/wp-content\/uploads\/2024\/06\/TENERIFE-3-300x268.jpg 300w, https:\/\/www.rieles.com\/front\/wp-content\/uploads\/2024\/06\/TENERIFE-3-768x685.jpg 768w, https:\/\/www.rieles.com\/front\/wp-content\/uploads\/2024\/06\/TENERIFE-3-150x134.jpg 150w, https:\/\/www.rieles.com\/front\/wp-content\/uploads\/2024\/06\/TENERIFE-3-696x621.jpg 696w, https:\/\/www.rieles.com\/front\/wp-content\/uploads\/2024\/06\/TENERIFE-3-1068x953.jpg 1068w, https:\/\/www.rieles.com\/front\/wp-content\/uploads\/2024\/06\/TENERIFE-3-471x420.jpg 471w\" sizes=\"auto, (max-width: 1024px) 100vw, 1024px\" \/><\/figure>\n\n\n\n<p style=\"text-align: justify;\"><strong>El 2 de junio de 2007 a las 12:00 de la ma\u00f1ana<\/strong><br>La L\u00ednea 1 Santa Cruz-La Laguna se inaugur\u00f3 y entr\u00f3 en servicio el 2 de junio de 2007, uniendo el centro de Santa Cruz, desde Intercambiador, con el casco de La Laguna, con la parada Trinidad. Dos a\u00f1os m\u00e1s tarde, en 2009, lleg\u00f3 la L\u00ednea 2 para conectar los barrios de La Cuesta, Taco y T\u00edncer. Metrotenerife desarroll\u00f3 ambos servicios bajo los criterios de una plena reurbanizaci\u00f3n, en superficie y en el subsuelo, y de fachada a fachada a lo largo de los 16 kil\u00f3metros que completa toda la red.<br>En la actualidad el servicio de tranv\u00eda tiene una media de unos 90.000 usuarios al d\u00eda, que suponen 14.000 m\u00e1s respecto al cierre de 2023. Precisamente, en ese pasado ejercicio la demanda creci\u00f3 un 51,22% y alcanz\u00f3 la cifra total de 22.668.132 usuarios. Al ser la L\u00ednea 1 el servicio vertebral de la red, contin\u00faa llevando el peso en cuanto al volumen de pasajeros, utilizada por el 90% del total de clientes del tranv\u00eda.<\/p>\n\n\n\n<figure class=\"wp-block-image size-full\"><img loading=\"lazy\" decoding=\"async\" width=\"800\" height=\"534\" src=\"https:\/\/www.rieles.com\/front\/wp-content\/uploads\/2024\/06\/TENERIFE.jpg\" alt=\"\" class=\"wp-image-127997\" srcset=\"https:\/\/www.rieles.com\/front\/wp-content\/uploads\/2024\/06\/TENERIFE.jpg 800w, https:\/\/www.rieles.com\/front\/wp-content\/uploads\/2024\/06\/TENERIFE-300x200.jpg 300w, https:\/\/www.rieles.com\/front\/wp-content\/uploads\/2024\/06\/TENERIFE-768x513.jpg 768w, https:\/\/www.rieles.com\/front\/wp-content\/uploads\/2024\/06\/TENERIFE-150x100.jpg 150w, https:\/\/www.rieles.com\/front\/wp-content\/uploads\/2024\/06\/TENERIFE-696x465.jpg 696w, https:\/\/www.rieles.com\/front\/wp-content\/uploads\/2024\/06\/TENERIFE-629x420.jpg 629w\" sizes=\"auto, (max-width: 800px) 100vw, 800px\" \/><\/figure>\n\n\n\n<p style=\"text-align: justify;\"><strong>M\u00e1s de 240 millones de pasajeros<\/strong><br>En estos 17 a\u00f1os de servicio, el Tranv\u00eda de Tenerife registra cifras destacables para una red con solo dos l\u00edneas y 16 kil\u00f3metros de trazado. M\u00e1s de 240 millones de pasajeros, cerca de 2,5 millones de viajes comerciales y 24 millones de kil\u00f3metros recorridos.<br>Estos n\u00fameros reflejan los resultados que ofrece este servicio al conectar los principales n\u00facleos de la actividad socio-econ\u00f3mica del \u00e1rea metropolitana, as\u00ed como la apuesta de la poblaci\u00f3n por el transporte guiado y la movilidad sostenible. De hecho, seg\u00fan los datos del \u00faltimo Estudio de Movilidad y Demanda del Tranv\u00eda de Tenerife (noviembre 2023) los pasajeros contin\u00faan otorgando una muy buena valoraci\u00f3n al servicio, en la que destaca el Medioambiente (8,40) y la Puntualidad (8,36) como los aspectos con mayor grado de cumplimiento y reconocimiento por parte de los viajeros.<br>Adicionalmente y como resultado de la experiencia acumulada durante estos a\u00f1os, Metrotenerife se ha ido consolidando tanto como compa\u00f1\u00eda operadora de transporte guiado, como empresa de consultor\u00eda t\u00e9cnica, lo que le ha permitido trabajar en proyectos de movilidad en cuatro continentes. Asimismo, ha impulsado una importante l\u00ednea I+D+i con el desarrollo de soluciones de ingenier\u00eda y sistemas tecnol\u00f3gicos, como SIMOVE, V\u00eda-M\u00f3vil o la Chaqueta Aislante para Carril, que actualmente exporta y comercializa en el sector ferroviario internacional.<\/p>\n\n\n\n<p class=\"has-vivid-red-color has-text-color wp-block-paragraph\"><strong>Fuente: Agencia Rieles<\/strong><\/p>\n","protected":false},"excerpt":{"rendered":"<p>04\/06\/2024: El 2 de junio de 2007 se inaugur\u00f3 en Tenerife el servicio de su nuevo metro ligero, el medio de transporte que regresaba a la isla bajo el recuerdo del antiguo tranv\u00eda que la recorr\u00eda hasta mitad del siglo XX. Los modernos veh\u00edculos cambiaron la movilidad de la zona metropolitana, aportando puntualidad, frecuencia y [&hellip;]<\/p>\n","protected":false},"author":1,"featured_media":127996,"comment_status":"closed","ping_status":"open","sticky":false,"template":"","format":"standard","meta":{"footnotes":""},"categories":[13902],"tags":[10855,9105,9644],"class_list":["post-128016","post","type-post","status-publish","format-standard","has-post-thumbnail","category-rieles-iberica","tag-10855","tag-actualidad","tag-news"],"_links":{"self":[{"href":"https:\/\/www.rieles.com\/front\/wp-json\/wp\/v2\/posts\/128016","targetHints":{"allow":["GET"]}}],"collection":[{"href":"https:\/\/www.rieles.com\/front\/wp-json\/wp\/v2\/posts"}],"about":[{"href":"https:\/\/www.rieles.com\/front\/wp-json\/wp\/v2\/types\/post"}],"author":[{"embeddable":true,"href":"https:\/\/www.rieles.com\/front\/wp-json\/wp\/v2\/users\/1"}],"replies":[{"embeddable":true,"href":"https:\/\/www.rieles.com\/front\/wp-json\/wp\/v2\/comments?post=128016"}],"version-history":[{"count":1,"href":"https:\/\/www.rieles.com\/front\/wp-json\/wp\/v2\/posts\/128016\/revisions"}],"predecessor-version":[{"id":128017,"href":"https:\/\/www.rieles.com\/front\/wp-json\/wp\/v2\/posts\/128016\/revisions\/128017"}],"wp:featuredmedia":[{"embeddable":true,"href":"https:\/\/www.rieles.com\/front\/wp-json\/wp\/v2\/media\/127996"}],"wp:attachment":[{"href":"https:\/\/www.rieles.com\/front\/wp-json\/wp\/v2\/media?parent=128016"}],"wp:term":[{"taxonomy":"category","embeddable":true,"href":"https:\/\/www.rieles.com\/front\/wp-json\/wp\/v2\/categories?post=128016"},{"taxonomy":"post_tag","embeddable":true,"href":"https:\/\/www.rieles.com\/front\/wp-json\/wp\/v2\/tags?post=128016"}],"curies":[{"name":"wp","href":"https:\/\/api.w.org\/{rel}","templated":true}]}}