{"id":128018,"date":"2024-06-04T15:08:36","date_gmt":"2024-06-04T18:08:36","guid":{"rendered":"https:\/\/www.rieles.com\/front\/?p=128018"},"modified":"2024-06-04T15:08:37","modified_gmt":"2024-06-04T18:08:37","slug":"euskotren-metro-l3-servicio-durante-toda-la-noche-los-viernes-de-junio","status":"publish","type":"post","link":"https:\/\/www.rieles.com\/front\/euskotren-metro-l3-servicio-durante-toda-la-noche-los-viernes-de-junio\/","title":{"rendered":"Euskotren &#8211; Metro-L3: servicio durante toda la noche los viernes de junio"},"content":{"rendered":"\n<p style=\"text-align: justify;\"><strong>04\/06\/2024: <\/strong>Euskotren ampliar\u00e1 en junio el horario del servicio nocturno de los viernes en la L\u00ednea 3 del Metro en Bilbao. De viernes a s\u00e1bado circular\u00e1n trenes durante toda la noche entre Kukullaga-Etxebarri y Matiko, en ambos sentidos, con una frecuencia de 15 minutos. Esta ampliaci\u00f3n horaria se aplicar\u00e1 desde el viernes 7 de junio.<br>Euskotren recomienda a quienes vayan a desplazarse en metro que consulten los horarios con antelaci\u00f3n tanto en la APP oficial como en el buscador de la p\u00e1gina web www.euskotren.eus.<br>Para m\u00e1s informaci\u00f3n, las personas usuarias pueden acudir a las estaciones servidas por personal de Euskotren y llamar al n\u00famero de tel\u00e9fono 944 333 333.<\/p>\n\n\n\n<p class=\"has-vivid-red-color has-text-color wp-block-paragraph\"><strong>Fuente: Agencia Rieles<\/strong><\/p>\n","protected":false},"excerpt":{"rendered":"<p>04\/06\/2024: Euskotren ampliar\u00e1 en junio el horario del servicio nocturno de los viernes en la L\u00ednea 3 del Metro en Bilbao. De viernes a s\u00e1bado circular\u00e1n trenes durante toda la noche entre Kukullaga-Etxebarri y Matiko, en ambos sentidos, con una frecuencia de 15 minutos. Esta ampliaci\u00f3n horaria se aplicar\u00e1 desde el viernes 7 de junio.Euskotren [&hellip;]<\/p>\n","protected":false},"author":1,"featured_media":115853,"comment_status":"closed","ping_status":"open","sticky":false,"template":"","format":"standard","meta":{"footnotes":""},"categories":[13902],"tags":[10855,9105,9644],"class_list":["post-128018","post","type-post","status-publish","format-standard","has-post-thumbnail","category-rieles-iberica","tag-10855","tag-actualidad","tag-news"],"_links":{"self":[{"href":"https:\/\/www.rieles.com\/front\/wp-json\/wp\/v2\/posts\/128018","targetHints":{"allow":["GET"]}}],"collection":[{"href":"https:\/\/www.rieles.com\/front\/wp-json\/wp\/v2\/posts"}],"about":[{"href":"https:\/\/www.rieles.com\/front\/wp-json\/wp\/v2\/types\/post"}],"author":[{"embeddable":true,"href":"https:\/\/www.rieles.com\/front\/wp-json\/wp\/v2\/users\/1"}],"replies":[{"embeddable":true,"href":"https:\/\/www.rieles.com\/front\/wp-json\/wp\/v2\/comments?post=128018"}],"version-history":[{"count":1,"href":"https:\/\/www.rieles.com\/front\/wp-json\/wp\/v2\/posts\/128018\/revisions"}],"predecessor-version":[{"id":128019,"href":"https:\/\/www.rieles.com\/front\/wp-json\/wp\/v2\/posts\/128018\/revisions\/128019"}],"wp:featuredmedia":[{"embeddable":true,"href":"https:\/\/www.rieles.com\/front\/wp-json\/wp\/v2\/media\/115853"}],"wp:attachment":[{"href":"https:\/\/www.rieles.com\/front\/wp-json\/wp\/v2\/media?parent=128018"}],"wp:term":[{"taxonomy":"category","embeddable":true,"href":"https:\/\/www.rieles.com\/front\/wp-json\/wp\/v2\/categories?post=128018"},{"taxonomy":"post_tag","embeddable":true,"href":"https:\/\/www.rieles.com\/front\/wp-json\/wp\/v2\/tags?post=128018"}],"curies":[{"name":"wp","href":"https:\/\/api.w.org\/{rel}","templated":true}]}}