{"id":128022,"date":"2024-06-04T15:12:23","date_gmt":"2024-06-04T18:12:23","guid":{"rendered":"https:\/\/www.rieles.com\/front\/?p=128022"},"modified":"2024-06-04T15:12:24","modified_gmt":"2024-06-04T18:12:24","slug":"el-archivo-historico-ferroviario-en-la-semana-internacional-de-los-archivos","status":"publish","type":"post","link":"https:\/\/www.rieles.com\/front\/el-archivo-historico-ferroviario-en-la-semana-internacional-de-los-archivos\/","title":{"rendered":"El Archivo Hist\u00f3rico Ferroviario, en la Semana Internacional de los Archivos"},"content":{"rendered":"\n<p style=\"text-align: justify;\"><strong>04\/06\/2024: <\/strong>Ayer comenzo la Semana Internacional de los Archivos, en la que participan instituciones de todo el mundo, con actividades que se prolongar\u00e1n hasta el 9 de junio, D\u00eda Internacional de los Archivos, una fecha establecida en 2008 por el Consejo Internacional de Archivos (CIA\/ICA), auspiciado por la UNESCO. Entre los objetivos fundamentales de esta efem\u00e9ride figuran los de sensibilizar a la opini\u00f3n p\u00fablica sobre la importancia de los documentos y los archivos y la necesidad de preservarlos, facilitando el acceso a los archivos a largo plazo, y la posibilidad de dar a conocer en esta fecha documentos \u00fanicos y extraordinarios que se conservan en las instituciones archiv\u00edsticas.<br>El Archivo Hist\u00f3rico Ferroviario (AHF) participa en la Semana Internacional de los Archivos #IAW2024, dedicada este a\u00f1o al tema #CiberArchivos, con una serie de audiovisuales que muestran el proceso de tratamiento, gesti\u00f3n y difusi\u00f3n de una donaci\u00f3n de documentaci\u00f3n fotogr\u00e1fica in\u00e9dita en nuestro pa\u00eds que ha llegado recientemente a su Fototeca.<br>Esta donaci\u00f3n, compuesta por m\u00e1s de 480 negativos de acetato de 6&#215;9 y 35 mm, recoge im\u00e1genes de ferrocarriles e instalaciones ferroviarias, principalmente de v\u00eda estrecha, tomadas en Espa\u00f1a durante dos viajes realizados en 1951 y 1962 por un aficionado al ferrocarril dan\u00e9s, Birger Wilcke (1923-1993), que gracias a otro aficionado y divulgador del ferrocarril en Dinamarca, John Poulsen, llegaron al Archivo Hist\u00f3rico Ferroviario el pasado 27 de abril para garantizar su conservaci\u00f3n, difusi\u00f3n y puesta a disposici\u00f3n de todos aquellos interesados. Poulsen recibi\u00f3 estas im\u00e1genes a la muerte de su autor, Birger Wilcke, y decidi\u00f3 aprovechar su viaje por Espa\u00f1a para acercarse al Ferrocarril de Madrid y donar este patrimonio ferroviario al Archivo.<br>Incluye dos bloques de negativos fotogr\u00e1ficos: 80 negativos de acetato de celulosa en blanco y negro de 6&#215;9 cm, de 1951, con diversas tomas de ferrocarriles espa\u00f1oles de v\u00eda ancha y estrecha; y 15 rollos de negativos de acetato de celulosa en blanco y negro de 35mm, con alrededor de 400 im\u00e1genes de ferrocarriles espa\u00f1oles, principalmente de la zona de Levante y de Asturias, tomadas en 1962.<br>Los audiovisuales que se divulgar\u00e1n a trav\u00e9s de las redes sociales de la Fundaci\u00f3n a lo largo de esta semana presentan las distintas fases de tratamiento del fondo donado. Gracias a todos estos trabajos que realiza el Archivo podr\u00e1n estar a disposici\u00f3n de la ciudadan\u00eda a trav\u00e9s del cat\u00e1logo online de acceso p\u00fablico disponible en el portal documental Docutren de la Fundaci\u00f3n.<br>El AHF conforma con la Biblioteca Ferroviaria el centro de referencia fundamental para la investigaci\u00f3n y el estudio de los ferrocarriles en nuestro pa\u00eds. Conserva los fondos documentales de las antiguas compa\u00f1\u00edas ferroviarias privadas espa\u00f1olas y de Renfe, a los que se han sumado nuevas series y colecciones, tambi\u00e9n por donaci\u00f3n de archivos de particulares vinculados al ferrocarril. La fototeca del AHF est\u00e1 formada por m\u00e1s de 400.000 unidades de una tem\u00e1tica tan variada como relevante para el estudio de la ingenier\u00eda ferroviaria, material motor y remolcado, empresas constructoras, arquitectura, personal ferroviario y un largo etc\u00e9tera.<\/p>\n\n\n\n<p class=\"has-vivid-red-color has-text-color wp-block-paragraph\"><strong>Fuente: Agencia Rieles<\/strong><\/p>\n","protected":false},"excerpt":{"rendered":"<p>04\/06\/2024: Ayer comenzo la Semana Internacional de los Archivos, en la que participan instituciones de todo el mundo, con actividades que se prolongar\u00e1n hasta el 9 de junio, D\u00eda Internacional de los Archivos, una fecha establecida en 2008 por el Consejo Internacional de Archivos (CIA\/ICA), auspiciado por la UNESCO. Entre los objetivos fundamentales de esta [&hellip;]<\/p>\n","protected":false},"author":1,"featured_media":127985,"comment_status":"closed","ping_status":"open","sticky":false,"template":"","format":"standard","meta":{"footnotes":""},"categories":[13902],"tags":[10855,9105,9644],"class_list":["post-128022","post","type-post","status-publish","format-standard","has-post-thumbnail","category-rieles-iberica","tag-10855","tag-actualidad","tag-news"],"_links":{"self":[{"href":"https:\/\/www.rieles.com\/front\/wp-json\/wp\/v2\/posts\/128022","targetHints":{"allow":["GET"]}}],"collection":[{"href":"https:\/\/www.rieles.com\/front\/wp-json\/wp\/v2\/posts"}],"about":[{"href":"https:\/\/www.rieles.com\/front\/wp-json\/wp\/v2\/types\/post"}],"author":[{"embeddable":true,"href":"https:\/\/www.rieles.com\/front\/wp-json\/wp\/v2\/users\/1"}],"replies":[{"embeddable":true,"href":"https:\/\/www.rieles.com\/front\/wp-json\/wp\/v2\/comments?post=128022"}],"version-history":[{"count":1,"href":"https:\/\/www.rieles.com\/front\/wp-json\/wp\/v2\/posts\/128022\/revisions"}],"predecessor-version":[{"id":128023,"href":"https:\/\/www.rieles.com\/front\/wp-json\/wp\/v2\/posts\/128022\/revisions\/128023"}],"wp:featuredmedia":[{"embeddable":true,"href":"https:\/\/www.rieles.com\/front\/wp-json\/wp\/v2\/media\/127985"}],"wp:attachment":[{"href":"https:\/\/www.rieles.com\/front\/wp-json\/wp\/v2\/media?parent=128022"}],"wp:term":[{"taxonomy":"category","embeddable":true,"href":"https:\/\/www.rieles.com\/front\/wp-json\/wp\/v2\/categories?post=128022"},{"taxonomy":"post_tag","embeddable":true,"href":"https:\/\/www.rieles.com\/front\/wp-json\/wp\/v2\/tags?post=128022"}],"curies":[{"name":"wp","href":"https:\/\/api.w.org\/{rel}","templated":true}]}}