{"id":129438,"date":"2024-11-29T18:21:31","date_gmt":"2024-11-29T21:21:31","guid":{"rendered":"https:\/\/www.rieles.com\/front\/?p=129438"},"modified":"2024-11-29T18:21:31","modified_gmt":"2024-11-29T21:21:31","slug":"por-la-vuelta-del-servicio-ferroviario-a-miramar","status":"publish","type":"post","link":"https:\/\/www.rieles.com\/front\/por-la-vuelta-del-servicio-ferroviario-a-miramar\/","title":{"rendered":"Por la vuelta del servicio ferroviario a Miramar"},"content":{"rendered":"<p style=\"text-align: justify;\"><strong>29\/11\/2024:<\/strong>Desde hace m\u00e1s de 10 a\u00f1os vecinos de Miramar, Mar del Plata, Batan, Chapadmalal, Otamendi y Mechongue venimos reclamando la vuelta del tren, llevamos juntadas m\u00e1s de 16 mil firmas y hemos llevado adelante todo tipo de actividades en estos a\u00f1os logrando gran apoyo de la ciudadan\u00eda.<br \/>\nUn tren de cercan\u00edas entre Miramar y Mar del Plata le facilitar\u00e1 la vida a miles de personas que viajan entre las dos ciudades continuamente, ser\u00eda una opci\u00f3n para los que viajan por trabajo, estudios, hacer tr\u00e1mites, atenci\u00f3n m\u00e9dica y fomentar\u00eda el turismo entre otras cosas<br \/>\nEl tren se est\u00e1 imponiendo en el mundo como una de las mejores opciones de traslado, ya que es m\u00e1s econ\u00f3mico, seguro y ecol\u00f3gico, por esta raz\u00f3n no se entiende porque en vez de reclamar por el retorno del tren se hace todo lo contrario, se quiere cerrar definitivamente la posibilidad de que vuelva<br \/>\nDesde la comisi\u00f3n por la vuelta del tren a Miramar seguimos reclamando e invitamos a la poblaci\u00f3n a sumarse a este reclamo hasta lograr el objetivo, ver nuevamente el tren entre la ciudad de Mar del Plata y Miramar.<\/p>\n<p><img loading=\"lazy\" decoding=\"async\" class=\"wp-image-129440 size-full aligncenter\" src=\"https:\/\/www.rieles.com\/front\/wp-content\/uploads\/2024\/11\/FB_IMG_1732755989510.jpg\" alt=\"\" width=\"552\" height=\"463\" srcset=\"https:\/\/www.rieles.com\/front\/wp-content\/uploads\/2024\/11\/FB_IMG_1732755989510.jpg 552w, https:\/\/www.rieles.com\/front\/wp-content\/uploads\/2024\/11\/FB_IMG_1732755989510-300x252.jpg 300w, https:\/\/www.rieles.com\/front\/wp-content\/uploads\/2024\/11\/FB_IMG_1732755989510-150x126.jpg 150w, https:\/\/www.rieles.com\/front\/wp-content\/uploads\/2024\/11\/FB_IMG_1732755989510-501x420.jpg 501w\" sizes=\"auto, (max-width: 552px) 100vw, 552px\" \/><\/p>\n<p><strong>Fuente: Comisi\u00f3n por la vuelta del tren a Miramar\u00a0<\/strong><\/p>\n","protected":false},"excerpt":{"rendered":"<p>29\/11\/2024:Desde hace m\u00e1s de 10 a\u00f1os vecinos de Miramar, Mar del Plata, Batan, Chapadmalal, Otamendi y Mechongue venimos reclamando la vuelta del tren, llevamos juntadas m\u00e1s de 16 mil firmas y hemos llevado adelante todo tipo de actividades en estos a\u00f1os logrando gran apoyo de la ciudadan\u00eda. Un tren de cercan\u00edas entre Miramar y Mar [&hellip;]<\/p>\n","protected":false},"author":3,"featured_media":129439,"comment_status":"closed","ping_status":"open","sticky":false,"template":"","format":"standard","meta":{"footnotes":""},"categories":[4,9161],"tags":[10855,9105,9644],"class_list":{"0":"post-129438","1":"post","2":"type-post","3":"status-publish","4":"format-standard","5":"has-post-thumbnail","7":"category-nacionales","8":"category-rielesagencia","9":"tag-10855","10":"tag-actualidad","11":"tag-news"},"_links":{"self":[{"href":"https:\/\/www.rieles.com\/front\/wp-json\/wp\/v2\/posts\/129438","targetHints":{"allow":["GET"]}}],"collection":[{"href":"https:\/\/www.rieles.com\/front\/wp-json\/wp\/v2\/posts"}],"about":[{"href":"https:\/\/www.rieles.com\/front\/wp-json\/wp\/v2\/types\/post"}],"author":[{"embeddable":true,"href":"https:\/\/www.rieles.com\/front\/wp-json\/wp\/v2\/users\/3"}],"replies":[{"embeddable":true,"href":"https:\/\/www.rieles.com\/front\/wp-json\/wp\/v2\/comments?post=129438"}],"version-history":[{"count":1,"href":"https:\/\/www.rieles.com\/front\/wp-json\/wp\/v2\/posts\/129438\/revisions"}],"predecessor-version":[{"id":129441,"href":"https:\/\/www.rieles.com\/front\/wp-json\/wp\/v2\/posts\/129438\/revisions\/129441"}],"wp:featuredmedia":[{"embeddable":true,"href":"https:\/\/www.rieles.com\/front\/wp-json\/wp\/v2\/media\/129439"}],"wp:attachment":[{"href":"https:\/\/www.rieles.com\/front\/wp-json\/wp\/v2\/media?parent=129438"}],"wp:term":[{"taxonomy":"category","embeddable":true,"href":"https:\/\/www.rieles.com\/front\/wp-json\/wp\/v2\/categories?post=129438"},{"taxonomy":"post_tag","embeddable":true,"href":"https:\/\/www.rieles.com\/front\/wp-json\/wp\/v2\/tags?post=129438"}],"curies":[{"name":"wp","href":"https:\/\/api.w.org\/{rel}","templated":true}]}}