{"id":130244,"date":"2025-06-30T04:30:35","date_gmt":"2025-06-30T07:30:35","guid":{"rendered":"https:\/\/www.rieles.com\/front\/?p=130244"},"modified":"2025-06-30T02:57:55","modified_gmt":"2025-06-30T05:57:55","slug":"espana-y-turquia-refuerzan-cooperacion-en-infraestructura-ferroviaria","status":"publish","type":"post","link":"https:\/\/www.rieles.com\/front\/espana-y-turquia-refuerzan-cooperacion-en-infraestructura-ferroviaria\/","title":{"rendered":"Espa\u00f1a y Turqu\u00eda refuerzan cooperaci\u00f3n en infraestructura ferroviaria"},"content":{"rendered":"<p style=\"text-align: justify;\">El ministro de Transportes y Movilidad Sostenible, \u00d3scar Puente, suscribi\u00f3 el pasado viernes un Memorando de Entendimiento con su hom\u00f3logo turco Abdulkadir Uralo\u011flu para fortalecer la colaboraci\u00f3n bilateral en <strong>infraestructura ferroviaria<\/strong> y <strong>corredores de transporte<\/strong>. El acuerdo busca impulsar la digitalizaci\u00f3n y sostenibilidad en el sector ferroviario de ambos pa\u00edses.<\/p>\n<p style=\"text-align: justify;\">El documento contempla el intercambio de informaci\u00f3n t\u00e9cnica, desarrollo de proyectos piloto y prestaci\u00f3n de servicios de asesor\u00eda para la ejecuci\u00f3n de infraestructuras. La cooperaci\u00f3n abarca investigaci\u00f3n, desarrollo tecnol\u00f3gico e innovaci\u00f3n en <strong>tecnolog\u00eda ferroviaria<\/strong>, as\u00ed como programas de formaci\u00f3n especializada para t\u00e9cnicos del sector.<\/p>\n<p style=\"text-align: justify;\">Durante el Foro Mundial sobre Conectividad del Transporte 2025 en Estambul, Puente destac\u00f3 que Espa\u00f1a y Turqu\u00eda funcionan como \u00abnodos estrat\u00e9gicos\u00bb en los <strong>corredores internacionales de transporte<\/strong>. El ministro subray\u00f3 que estos corredores trascienden la infraestructura f\u00edsica para convertirse en instrumentos de pol\u00edtica p\u00fablica que fortalecen la cohesi\u00f3n territorial.<\/p>\n<figure id=\"attachment_130245\" aria-describedby=\"caption-attachment-130245\" style=\"width: 1024px\" class=\"wp-caption alignnone\"><img loading=\"lazy\" decoding=\"async\" class=\"wp-image-130245 size-full\" src=\"https:\/\/www.rieles.com\/front\/wp-content\/uploads\/2025\/06\/O.jpg\" alt=\"\" width=\"1024\" height=\"662\" srcset=\"https:\/\/www.rieles.com\/front\/wp-content\/uploads\/2025\/06\/O.jpg 1024w, https:\/\/www.rieles.com\/front\/wp-content\/uploads\/2025\/06\/O-300x194.jpg 300w, https:\/\/www.rieles.com\/front\/wp-content\/uploads\/2025\/06\/O-768x497.jpg 768w, https:\/\/www.rieles.com\/front\/wp-content\/uploads\/2025\/06\/O-150x97.jpg 150w, https:\/\/www.rieles.com\/front\/wp-content\/uploads\/2025\/06\/O-696x450.jpg 696w, https:\/\/www.rieles.com\/front\/wp-content\/uploads\/2025\/06\/O-650x420.jpg 650w\" sizes=\"auto, (max-width: 1024px) 100vw, 1024px\" \/><figcaption id=\"caption-attachment-130245\" class=\"wp-caption-text\">Puente con su hom\u00f3logo Uralo\u011flu en la firma del acuerdo.<\/figcaption><\/figure>\n<p style=\"text-align: justify;\">Puente enfatiz\u00f3 el papel del <strong>ferrocarril<\/strong> como columna vertebral del sistema de transporte espa\u00f1ol, citando la planificaci\u00f3n estrat\u00e9gica y la inversi\u00f3n p\u00fablica como factores clave del \u00e9xito. El ministro resalt\u00f3 que Espa\u00f1a se ha consolidado como referente mundial en desarrollo de <strong>tecnolog\u00eda ferroviaria<\/strong> y ofreci\u00f3 la experiencia espa\u00f1ola para futuros proyectos internacionales.<\/p>\n<p style=\"text-align: justify;\">En relaci\u00f3n a la <strong>Red Transeuropea de Transporte<\/strong> (RTE-T), el ministro indic\u00f3 que los corredores Atl\u00e1ntico y Mediterr\u00e1neo que atraviesan territorio espa\u00f1ol pueden transformar la Pen\u00ednsula Ib\u00e9rica en una puerta de entrada europea, superando su condici\u00f3n de terminal continental.<\/p>\n<p style=\"text-align: justify;\">El ministro tambi\u00e9n mantuvo reuniones con delegaciones del Banco Mundial y representantes de Arabia Saud\u00ed y Lituania, explorando oportunidades de cooperaci\u00f3n en <strong>infraestructura ferroviaria internacional<\/strong>. La visita concluy\u00f3 con un encuentro con empresas espa\u00f1olas que desarrollan proyectos de transporte en territorio turco, reforzando la presencia del sector ferroviario nacional en mercados internacionales.<\/p>\n<p>&nbsp;<\/p>\n","protected":false},"excerpt":{"rendered":"<p>El ministro de Transportes y Movilidad Sostenible, \u00d3scar Puente, suscribi\u00f3 el pasado viernes un Memorando de Entendimiento con su hom\u00f3logo turco Abdulkadir Uralo\u011flu para fortalecer la colaboraci\u00f3n bilateral en infraestructura ferroviaria y corredores de transporte. El acuerdo busca impulsar la digitalizaci\u00f3n y sostenibilidad en el sector ferroviario de ambos pa\u00edses. El documento contempla el intercambio [&hellip;]<\/p>\n","protected":false},"author":4,"featured_media":130246,"comment_status":"closed","ping_status":"open","sticky":false,"template":"","format":"standard","meta":{"footnotes":""},"categories":[13902],"tags":[10855,9105,13940,9644,13972],"class_list":{"0":"post-130244","1":"post","2":"type-post","3":"status-publish","4":"format-standard","5":"has-post-thumbnail","7":"category-rieles-iberica","8":"tag-10855","9":"tag-actualidad","10":"tag-ministerio-de-transportes-y-movilidad-sostenible","11":"tag-news","12":"tag-oscar-puente"},"_links":{"self":[{"href":"https:\/\/www.rieles.com\/front\/wp-json\/wp\/v2\/posts\/130244","targetHints":{"allow":["GET"]}}],"collection":[{"href":"https:\/\/www.rieles.com\/front\/wp-json\/wp\/v2\/posts"}],"about":[{"href":"https:\/\/www.rieles.com\/front\/wp-json\/wp\/v2\/types\/post"}],"author":[{"embeddable":true,"href":"https:\/\/www.rieles.com\/front\/wp-json\/wp\/v2\/users\/4"}],"replies":[{"embeddable":true,"href":"https:\/\/www.rieles.com\/front\/wp-json\/wp\/v2\/comments?post=130244"}],"version-history":[{"count":1,"href":"https:\/\/www.rieles.com\/front\/wp-json\/wp\/v2\/posts\/130244\/revisions"}],"predecessor-version":[{"id":130247,"href":"https:\/\/www.rieles.com\/front\/wp-json\/wp\/v2\/posts\/130244\/revisions\/130247"}],"wp:featuredmedia":[{"embeddable":true,"href":"https:\/\/www.rieles.com\/front\/wp-json\/wp\/v2\/media\/130246"}],"wp:attachment":[{"href":"https:\/\/www.rieles.com\/front\/wp-json\/wp\/v2\/media?parent=130244"}],"wp:term":[{"taxonomy":"category","embeddable":true,"href":"https:\/\/www.rieles.com\/front\/wp-json\/wp\/v2\/categories?post=130244"},{"taxonomy":"post_tag","embeddable":true,"href":"https:\/\/www.rieles.com\/front\/wp-json\/wp\/v2\/tags?post=130244"}],"curies":[{"name":"wp","href":"https:\/\/api.w.org\/{rel}","templated":true}]}}