{"id":130688,"date":"2025-08-19T19:02:59","date_gmt":"2025-08-19T22:02:59","guid":{"rendered":"https:\/\/www.rieles.com\/front\/?p=130688"},"modified":"2025-08-19T19:02:59","modified_gmt":"2025-08-19T22:02:59","slug":"emova-presenta-una-nueva-exposicion-fotografica-itinerante-instantaneas-en-el-subte-miradas-en-viaje","status":"publish","type":"post","link":"https:\/\/www.rieles.com\/front\/emova-presenta-una-nueva-exposicion-fotografica-itinerante-instantaneas-en-el-subte-miradas-en-viaje\/","title":{"rendered":"Emova presenta una nueva exposici\u00f3n fotogr\u00e1fica itinerante: \u201cInstant\u00e1neas en el Subte: Miradas en viaje\u201d"},"content":{"rendered":"<p style=\"text-align: justify;\"><strong>19\/08\/2025:<\/strong> Emova, empresa concesionaria de la Red de Subte de Buenos Aires, inaugura la segunda edici\u00f3n de la exposici\u00f3n itinerante \u201cInstant\u00e1neas en el Subte: Miradas en viaje\u201d, una propuesta art\u00edstica que invita a descubrir la experiencia de viaje del usuario y la variedad de espacios, gestos y situaciones que habitan en el Subte.<br \/>\nUn total de 15 fot\u00f3grafos fueron seleccionados entre m\u00e1s de 160 postulantes a partir de una convocatoria que realiz\u00f3 Emova en sus redes sociales, que les permiti\u00f3 conocer en profundidad distintos espacios de la red.<\/p>\n<h3 style=\"text-align: center;\"><em><strong>Se seleccionaron 15 fot\u00f3grafos de un total de 160 solicitudes recibidas para formar parte de esta iniciativa que se presentar\u00e1 en distintas estaciones de la Red de Subte de Buenos Aires.<\/strong><\/em><\/h3>\n<p style=\"text-align: justify;\">Sus trabajos atravesaron un proceso de curador\u00eda realizado por las profesionales Ana Bonelli Zapata y Cecilia Gallardo, quienes evaluaron tanto la calidad art\u00edstica como la variedad de t\u00e9cnicas utilizadas, enfoques, estilos y trayectorias. Como resultado, se obtuvo una colecci\u00f3n de im\u00e1genes que refleja distintas miradas sobre el Subte y su entorno, logrando una muestra diversa y representativa.<br \/>\n<strong><em>\u201cDando continuidad a la iniciativa realizada en 2024, convocamos a fot\u00f3grafos profesionales y aficionados a capturar im\u00e1genes \u00fanicas del servicio y de la cotidianidad de nuestros usuarios. Gracias a la mirada experta de las curadoras, esta exposici\u00f3n visibiliza la producci\u00f3n art\u00edstica de la comunidad y pone en valor los diferentes espacios<\/em> que caracterizan a uno de los medios de transporte m\u00e1s utilizados de la Ciudad\u201d<\/strong>, afirma <strong>Mariana Giacumbo<\/strong>, <strong>Directora de Relaciones Institucionales y Medios de Emova<\/strong>.<br \/>\nAdem\u00e1s, se eligi\u00f3 una foto ganadora tomada por Max Varela en la estaci\u00f3n Jujuy de la L\u00ednea E, que se destac\u00f3 por conjugar al usuario con el movimiento y el espacio, a trav\u00e9s de una mirada c\u00e1lida.<br \/>\n<em><strong>\u201cInstant\u00e1neas en el Subte: Miradas en viaje\u201d<\/strong><\/em> forma parte del plan cultural de la empresa y recorrer\u00e1 distintas estaciones, alcanzando todas las l\u00edneas. La primera estaci\u00f3n en la que estar\u00e1 presente hasta el 2 de septiembre ser\u00e1 Las Heras de la L\u00ednea H, en los horarios que el servicio est\u00e1 habilitado, para que los usuarios puedan disfrutarla.<br \/>\nCon esta iniciativa, Emova reafirma su compromiso de vincular al Subte con propuestas culturales, convirti\u00e9ndolo en un espacio de encuentro y conexi\u00f3n con la comunidad.<br \/>\nPara acceder a las im\u00e1genes que conforman la muestra junto con detalles t\u00e9cnicos y la biograf\u00eda de cada uno de los fot\u00f3grafos, hacer clic en este <a href=\"https:\/\/emova.com.ar\/index.php\/instantaneas-en-el-subte-2025\/\">enlace<\/a>.<\/p>\n<figure id=\"attachment_130690\" aria-describedby=\"caption-attachment-130690\" style=\"width: 1024px\" class=\"wp-caption aligncenter\"><img loading=\"lazy\" decoding=\"async\" class=\"wp-image-130690 size-full\" src=\"https:\/\/www.rieles.com\/front\/wp-content\/uploads\/2025\/08\/Mariana-Giacumbo-Directora-de-RR.II_.-y-Medios-de-Emova-junto-con-el-autor-de-la-fotografia-ganadora-Max-Varela.jpg\" alt=\"\" width=\"1024\" height=\"683\" srcset=\"https:\/\/www.rieles.com\/front\/wp-content\/uploads\/2025\/08\/Mariana-Giacumbo-Directora-de-RR.II_.-y-Medios-de-Emova-junto-con-el-autor-de-la-fotografia-ganadora-Max-Varela.jpg 1024w, https:\/\/www.rieles.com\/front\/wp-content\/uploads\/2025\/08\/Mariana-Giacumbo-Directora-de-RR.II_.-y-Medios-de-Emova-junto-con-el-autor-de-la-fotografia-ganadora-Max-Varela-300x200.jpg 300w, https:\/\/www.rieles.com\/front\/wp-content\/uploads\/2025\/08\/Mariana-Giacumbo-Directora-de-RR.II_.-y-Medios-de-Emova-junto-con-el-autor-de-la-fotografia-ganadora-Max-Varela-768x512.jpg 768w, https:\/\/www.rieles.com\/front\/wp-content\/uploads\/2025\/08\/Mariana-Giacumbo-Directora-de-RR.II_.-y-Medios-de-Emova-junto-con-el-autor-de-la-fotografia-ganadora-Max-Varela-150x100.jpg 150w, https:\/\/www.rieles.com\/front\/wp-content\/uploads\/2025\/08\/Mariana-Giacumbo-Directora-de-RR.II_.-y-Medios-de-Emova-junto-con-el-autor-de-la-fotografia-ganadora-Max-Varela-696x464.jpg 696w, https:\/\/www.rieles.com\/front\/wp-content\/uploads\/2025\/08\/Mariana-Giacumbo-Directora-de-RR.II_.-y-Medios-de-Emova-junto-con-el-autor-de-la-fotografia-ganadora-Max-Varela-630x420.jpg 630w\" sizes=\"auto, (max-width: 1024px) 100vw, 1024px\" \/><figcaption id=\"caption-attachment-130690\" class=\"wp-caption-text\">Mariana Giacumbo, Directora de RR.II. y Medios de Emova, junto con el autor de la fotograf\u00eda ganadora, Max Varela.<\/figcaption><\/figure>\n<p style=\"text-align: justify;\"><strong>Los fot\u00f3grafos seleccionados fueron:<\/strong><br \/>\nAntonella Fumarola<br \/>\nAriel Orrego<br \/>\nAurora Malfatti<br \/>\nCarolina Jaramillo<br \/>\nGonzalo S\u00e1nchez Segovia<br \/>\nP\u00farpura Quinacridona<br \/>\nJoel Hern\u00e1ndez<br \/>\nLihuel Gonz\u00e1lez<br \/>\nMaggy Idrobo-L\u00f3pez<br \/>\nMax Levin<br \/>\nMart\u00edn Fern\u00e1ndez<br \/>\nMax Varela (Fotograf\u00eda ganadora)<br \/>\nMaximiliano Vernazza<br \/>\nNicolas Ramiro Oliverio<br \/>\nRod Isaurralde<\/p>\n<figure id=\"attachment_130691\" aria-describedby=\"caption-attachment-130691\" style=\"width: 1024px\" class=\"wp-caption aligncenter\"><img loading=\"lazy\" decoding=\"async\" class=\"wp-image-130691 size-full\" src=\"https:\/\/www.rieles.com\/front\/wp-content\/uploads\/2025\/08\/Presentacion-de-la-exposicion-fotografica-itinerante-de-Emova-Instantaneas-en-el-Subte-Miradas-en-viaje-en-la-estacion-Las-Heras-de-la-Linea-H.jpg\" alt=\"\" width=\"1024\" height=\"683\" srcset=\"https:\/\/www.rieles.com\/front\/wp-content\/uploads\/2025\/08\/Presentacion-de-la-exposicion-fotografica-itinerante-de-Emova-Instantaneas-en-el-Subte-Miradas-en-viaje-en-la-estacion-Las-Heras-de-la-Linea-H.jpg 1024w, https:\/\/www.rieles.com\/front\/wp-content\/uploads\/2025\/08\/Presentacion-de-la-exposicion-fotografica-itinerante-de-Emova-Instantaneas-en-el-Subte-Miradas-en-viaje-en-la-estacion-Las-Heras-de-la-Linea-H-300x200.jpg 300w, https:\/\/www.rieles.com\/front\/wp-content\/uploads\/2025\/08\/Presentacion-de-la-exposicion-fotografica-itinerante-de-Emova-Instantaneas-en-el-Subte-Miradas-en-viaje-en-la-estacion-Las-Heras-de-la-Linea-H-768x512.jpg 768w, https:\/\/www.rieles.com\/front\/wp-content\/uploads\/2025\/08\/Presentacion-de-la-exposicion-fotografica-itinerante-de-Emova-Instantaneas-en-el-Subte-Miradas-en-viaje-en-la-estacion-Las-Heras-de-la-Linea-H-150x100.jpg 150w, https:\/\/www.rieles.com\/front\/wp-content\/uploads\/2025\/08\/Presentacion-de-la-exposicion-fotografica-itinerante-de-Emova-Instantaneas-en-el-Subte-Miradas-en-viaje-en-la-estacion-Las-Heras-de-la-Linea-H-696x464.jpg 696w, https:\/\/www.rieles.com\/front\/wp-content\/uploads\/2025\/08\/Presentacion-de-la-exposicion-fotografica-itinerante-de-Emova-Instantaneas-en-el-Subte-Miradas-en-viaje-en-la-estacion-Las-Heras-de-la-Linea-H-630x420.jpg 630w\" sizes=\"auto, (max-width: 1024px) 100vw, 1024px\" \/><figcaption id=\"caption-attachment-130691\" class=\"wp-caption-text\">Presentaci\u00f3n de la exposici\u00f3n fotogr\u00e1fica itinerante de Emova \u201cInstant\u00e1neas en el Subte Miradas en viaje\u201d, en la estaci\u00f3n Las Heras de la L\u00ednea H.<\/figcaption><\/figure>\n<figure id=\"attachment_130692\" aria-describedby=\"caption-attachment-130692\" style=\"width: 1024px\" class=\"wp-caption aligncenter\"><img loading=\"lazy\" decoding=\"async\" class=\"wp-image-130692 size-full\" src=\"https:\/\/www.rieles.com\/front\/wp-content\/uploads\/2025\/08\/Foto-ganadora-tomada-por-Max-Varela-en-la-estacion-Jujuy-de-la-Linea-E.jpg\" alt=\"\" width=\"1024\" height=\"717\" srcset=\"https:\/\/www.rieles.com\/front\/wp-content\/uploads\/2025\/08\/Foto-ganadora-tomada-por-Max-Varela-en-la-estacion-Jujuy-de-la-Linea-E.jpg 1024w, https:\/\/www.rieles.com\/front\/wp-content\/uploads\/2025\/08\/Foto-ganadora-tomada-por-Max-Varela-en-la-estacion-Jujuy-de-la-Linea-E-300x210.jpg 300w, https:\/\/www.rieles.com\/front\/wp-content\/uploads\/2025\/08\/Foto-ganadora-tomada-por-Max-Varela-en-la-estacion-Jujuy-de-la-Linea-E-768x538.jpg 768w, https:\/\/www.rieles.com\/front\/wp-content\/uploads\/2025\/08\/Foto-ganadora-tomada-por-Max-Varela-en-la-estacion-Jujuy-de-la-Linea-E-150x105.jpg 150w, https:\/\/www.rieles.com\/front\/wp-content\/uploads\/2025\/08\/Foto-ganadora-tomada-por-Max-Varela-en-la-estacion-Jujuy-de-la-Linea-E-696x487.jpg 696w, https:\/\/www.rieles.com\/front\/wp-content\/uploads\/2025\/08\/Foto-ganadora-tomada-por-Max-Varela-en-la-estacion-Jujuy-de-la-Linea-E-600x420.jpg 600w, https:\/\/www.rieles.com\/front\/wp-content\/uploads\/2025\/08\/Foto-ganadora-tomada-por-Max-Varela-en-la-estacion-Jujuy-de-la-Linea-E-100x70.jpg 100w\" sizes=\"auto, (max-width: 1024px) 100vw, 1024px\" \/><figcaption id=\"caption-attachment-130692\" class=\"wp-caption-text\">Foto ganadora tomada por Max Varela en la estaci\u00f3n Jujuy de la L\u00ednea E.<\/figcaption><\/figure>\n<p><span style=\"color: #ff0000;\"><strong>Fuente: Agencia Rieles<\/strong><\/span><\/p>\n","protected":false},"excerpt":{"rendered":"<p>19\/08\/2025: Emova, empresa concesionaria de la Red de Subte de Buenos Aires, inaugura la segunda edici\u00f3n de la exposici\u00f3n itinerante \u201cInstant\u00e1neas en el Subte: Miradas en viaje\u201d, una propuesta art\u00edstica que invita a descubrir la experiencia de viaje del usuario y la variedad de espacios, gestos y situaciones que habitan en el Subte. Un total [&hellip;]<\/p>\n","protected":false},"author":3,"featured_media":130689,"comment_status":"closed","ping_status":"open","sticky":false,"template":"","format":"standard","meta":{"footnotes":""},"categories":[4,9161],"tags":[10855,9105,9644],"class_list":{"0":"post-130688","1":"post","2":"type-post","3":"status-publish","4":"format-standard","5":"has-post-thumbnail","7":"category-nacionales","8":"category-rielesagencia","9":"tag-10855","10":"tag-actualidad","11":"tag-news"},"_links":{"self":[{"href":"https:\/\/www.rieles.com\/front\/wp-json\/wp\/v2\/posts\/130688","targetHints":{"allow":["GET"]}}],"collection":[{"href":"https:\/\/www.rieles.com\/front\/wp-json\/wp\/v2\/posts"}],"about":[{"href":"https:\/\/www.rieles.com\/front\/wp-json\/wp\/v2\/types\/post"}],"author":[{"embeddable":true,"href":"https:\/\/www.rieles.com\/front\/wp-json\/wp\/v2\/users\/3"}],"replies":[{"embeddable":true,"href":"https:\/\/www.rieles.com\/front\/wp-json\/wp\/v2\/comments?post=130688"}],"version-history":[{"count":1,"href":"https:\/\/www.rieles.com\/front\/wp-json\/wp\/v2\/posts\/130688\/revisions"}],"predecessor-version":[{"id":130693,"href":"https:\/\/www.rieles.com\/front\/wp-json\/wp\/v2\/posts\/130688\/revisions\/130693"}],"wp:featuredmedia":[{"embeddable":true,"href":"https:\/\/www.rieles.com\/front\/wp-json\/wp\/v2\/media\/130689"}],"wp:attachment":[{"href":"https:\/\/www.rieles.com\/front\/wp-json\/wp\/v2\/media?parent=130688"}],"wp:term":[{"taxonomy":"category","embeddable":true,"href":"https:\/\/www.rieles.com\/front\/wp-json\/wp\/v2\/categories?post=130688"},{"taxonomy":"post_tag","embeddable":true,"href":"https:\/\/www.rieles.com\/front\/wp-json\/wp\/v2\/tags?post=130688"}],"curies":[{"name":"wp","href":"https:\/\/api.w.org\/{rel}","templated":true}]}}