{"id":130776,"date":"2025-08-26T05:50:38","date_gmt":"2025-08-26T08:50:38","guid":{"rendered":"https:\/\/www.rieles.com\/front\/?p=130776"},"modified":"2025-08-26T05:50:38","modified_gmt":"2025-08-26T08:50:38","slug":"hervas-acoge-una-jornada-sobre-vias-verdes-y-turismo-ferroviario-sostenible","status":"publish","type":"post","link":"https:\/\/www.rieles.com\/front\/hervas-acoge-una-jornada-sobre-vias-verdes-y-turismo-ferroviario-sostenible\/","title":{"rendered":"Herv\u00e1s acoge una jornada sobre v\u00edas verdes y turismo ferroviario sostenible"},"content":{"rendered":"<p style=\"text-align: justify;\"><span class=\"td_btn td_btn_md td_shadow_btn\">La iniciativa busca potenciar el valor tur\u00edstico de los antiguos\u00a0<strong>trazados ferroviarios<\/strong> reconvertidos en espacios de ocio.<\/span><\/p>\n<p style=\"text-align: justify;\">La localidad cacere\u00f1a de Herv\u00e1s ser\u00e1 escenario el pr\u00f3ximo jueves 28 de agosto de una jornada t\u00e9cnica centrada en el fortalecimiento de los <strong>Caminos Naturales V\u00edas Verdes<\/strong> de car\u00e1cter supraauton\u00f3mico. La actividad surge de la colaboraci\u00f3n entre la Direcci\u00f3n General de Turismo de Extremadura y la <strong>Gerencia de V\u00edas Verdes de la Fundaci\u00f3n de los Ferrocarriles Espa\u00f1oles<\/strong>.<\/p>\n<p style=\"text-align: justify;\">Esta iniciativa se enmarca dentro del proyecto &#8216;Experimenta V\u00edas Verdes&#8217;, que cuenta con financiaci\u00f3n del <strong>Plan de Recuperaci\u00f3n, Transformaci\u00f3n y Resiliencia<\/strong> y fondos NextGeneration de la Uni\u00f3n Europea a trav\u00e9s del Programa &#8216;Experiencias Turismo Espa\u00f1a&#8217;. El proyecto busca mejorar la experiencia tur\u00edstica en las <strong>v\u00edas verdes espa\u00f1olas<\/strong> mediante criterios de competitividad, sostenibilidad y accesibilidad, integrando el <strong>patrimonio ferroviario<\/strong>.<\/p>\n<p style=\"text-align: justify;\">La jornada se desarrollar\u00e1 en el <strong>Camino Natural V\u00eda Verde Ruta de la Plata<\/strong>, tramo Plasencia-B\u00e9jar, permitiendo conocer experiencias directas de empresas tur\u00edsticas locales y las f\u00f3rmulas de colaboraci\u00f3n p\u00fablico-privadas en la gesti\u00f3n de estos espacios. Los participantes analizar\u00e1n buenas pr\u00e1cticas y proyectos innovadores relacionados con el <strong>cicloturismo<\/strong> y la <strong>movilidad sostenible<\/strong>.<\/p>\n<p style=\"text-align: justify;\">Como complemento, Impulsa Igualdad impartir\u00e1 el taller \u00abPonte en mi lugar\u00bb, enfocado en la <strong>accesibilidad ferroviaria<\/strong> y la inclusi\u00f3n en estos antiguos trazados <strong>ferroviarios reconvertidos<\/strong> en espacios de ocio activo.<\/p>\n<p>El programa completo de la jornada y el formulario para inscribirse y participar lo encuentran en la web de <a href=\"https:\/\/viasverdes.com\/noticias\/noticia.asp?id=1485\">V\u00edas Verdes.<\/a><\/p>\n","protected":false},"excerpt":{"rendered":"<p>La iniciativa busca potenciar el valor tur\u00edstico de los antiguos\u00a0trazados ferroviarios reconvertidos en espacios de ocio. La localidad cacere\u00f1a de Herv\u00e1s ser\u00e1 escenario el pr\u00f3ximo jueves 28 de agosto de una jornada t\u00e9cnica centrada en el fortalecimiento de los Caminos Naturales V\u00edas Verdes de car\u00e1cter supraauton\u00f3mico. La actividad surge de la colaboraci\u00f3n entre la Direcci\u00f3n [&hellip;]<\/p>\n","protected":false},"author":4,"featured_media":130780,"comment_status":"closed","ping_status":"open","sticky":false,"template":"","format":"standard","meta":{"footnotes":""},"categories":[13902],"tags":[10855,9105,13914,9644,14010],"class_list":{"0":"post-130776","1":"post","2":"type-post","3":"status-publish","4":"format-standard","5":"has-post-thumbnail","7":"category-rieles-iberica","8":"tag-10855","10":"tag-fundacion-de-los-ferrocarriles-espanoles","11":"tag-news","12":"tag-vias-verdes"},"_links":{"self":[{"href":"https:\/\/www.rieles.com\/front\/wp-json\/wp\/v2\/posts\/130776","targetHints":{"allow":["GET"]}}],"collection":[{"href":"https:\/\/www.rieles.com\/front\/wp-json\/wp\/v2\/posts"}],"about":[{"href":"https:\/\/www.rieles.com\/front\/wp-json\/wp\/v2\/types\/post"}],"author":[{"embeddable":true,"href":"https:\/\/www.rieles.com\/front\/wp-json\/wp\/v2\/users\/4"}],"replies":[{"embeddable":true,"href":"https:\/\/www.rieles.com\/front\/wp-json\/wp\/v2\/comments?post=130776"}],"version-history":[{"count":4,"href":"https:\/\/www.rieles.com\/front\/wp-json\/wp\/v2\/posts\/130776\/revisions"}],"predecessor-version":[{"id":130781,"href":"https:\/\/www.rieles.com\/front\/wp-json\/wp\/v2\/posts\/130776\/revisions\/130781"}],"wp:featuredmedia":[{"embeddable":true,"href":"https:\/\/www.rieles.com\/front\/wp-json\/wp\/v2\/media\/130780"}],"wp:attachment":[{"href":"https:\/\/www.rieles.com\/front\/wp-json\/wp\/v2\/media?parent=130776"}],"wp:term":[{"taxonomy":"category","embeddable":true,"href":"https:\/\/www.rieles.com\/front\/wp-json\/wp\/v2\/categories?post=130776"},{"taxonomy":"post_tag","embeddable":true,"href":"https:\/\/www.rieles.com\/front\/wp-json\/wp\/v2\/tags?post=130776"}],"curies":[{"name":"wp","href":"https:\/\/api.w.org\/{rel}","templated":true}]}}