{"id":130899,"date":"2025-09-08T23:09:03","date_gmt":"2025-09-09T02:09:03","guid":{"rendered":"https:\/\/www.rieles.com\/front\/?p=130899"},"modified":"2025-09-08T23:09:03","modified_gmt":"2025-09-09T02:09:03","slug":"nueva-edicion-de-rieles-iberica-2","status":"publish","type":"post","link":"https:\/\/www.rieles.com\/front\/nueva-edicion-de-rieles-iberica-2\/","title":{"rendered":"Nueva Edici\u00f3n de Rieles Ib\u00e9rica"},"content":{"rendered":"<p><strong>08\/09\/2025<\/strong>: Queremos informar que a partir del d\u00eda de hoy ya est\u00e1 disponible la edici\u00f3n 23 de Rieles Ib\u00e9rica, correspondiente al mes de Septiembre. Presione <a href=\"https:\/\/www.yumpu.com\/es\/document\/read\/70747664\/rieles-iberica-n-23-septiembre-2025\"><strong>aqu\u00ed<\/strong><\/a> y accedera a la informaci\u00f3n del sector ferroviario Espa\u00f1a y la Regi\u00f3n.<\/p>\n<p><img loading=\"lazy\" decoding=\"async\" class=\"aligncenter wp-image-130898 size-full\" src=\"https:\/\/www.rieles.com\/front\/wp-content\/uploads\/2025\/09\/Tapa-Rieles-Iberica-N\u00b0-23-Septiembre-2025.jpg\" alt=\"\" width=\"1181\" height=\"1624\" srcset=\"https:\/\/www.rieles.com\/front\/wp-content\/uploads\/2025\/09\/Tapa-Rieles-Iberica-N\u00b0-23-Septiembre-2025.jpg 1181w, https:\/\/www.rieles.com\/front\/wp-content\/uploads\/2025\/09\/Tapa-Rieles-Iberica-N\u00b0-23-Septiembre-2025-218x300.jpg 218w, https:\/\/www.rieles.com\/front\/wp-content\/uploads\/2025\/09\/Tapa-Rieles-Iberica-N\u00b0-23-Septiembre-2025-745x1024.jpg 745w, https:\/\/www.rieles.com\/front\/wp-content\/uploads\/2025\/09\/Tapa-Rieles-Iberica-N\u00b0-23-Septiembre-2025-768x1056.jpg 768w, https:\/\/www.rieles.com\/front\/wp-content\/uploads\/2025\/09\/Tapa-Rieles-Iberica-N\u00b0-23-Septiembre-2025-1117x1536.jpg 1117w, https:\/\/www.rieles.com\/front\/wp-content\/uploads\/2025\/09\/Tapa-Rieles-Iberica-N\u00b0-23-Septiembre-2025-150x206.jpg 150w, https:\/\/www.rieles.com\/front\/wp-content\/uploads\/2025\/09\/Tapa-Rieles-Iberica-N\u00b0-23-Septiembre-2025-300x413.jpg 300w, https:\/\/www.rieles.com\/front\/wp-content\/uploads\/2025\/09\/Tapa-Rieles-Iberica-N\u00b0-23-Septiembre-2025-696x957.jpg 696w, https:\/\/www.rieles.com\/front\/wp-content\/uploads\/2025\/09\/Tapa-Rieles-Iberica-N\u00b0-23-Septiembre-2025-1068x1469.jpg 1068w, https:\/\/www.rieles.com\/front\/wp-content\/uploads\/2025\/09\/Tapa-Rieles-Iberica-N\u00b0-23-Septiembre-2025-305x420.jpg 305w\" sizes=\"auto, (max-width: 1181px) 100vw, 1181px\" \/><\/p>\n<p><span style=\"color: #ff0000;\"><strong>Fuente: Agencia Rieles<\/strong><\/span><\/p>\n","protected":false},"excerpt":{"rendered":"<p>08\/09\/2025: Queremos informar que a partir del d\u00eda de hoy ya est\u00e1 disponible la edici\u00f3n 23 de Rieles Ib\u00e9rica, correspondiente al mes de Septiembre. Presione aqu\u00ed y accedera a la informaci\u00f3n del sector ferroviario Espa\u00f1a y la Regi\u00f3n. Fuente: Agencia Rieles<\/p>\n","protected":false},"author":3,"featured_media":128190,"comment_status":"closed","ping_status":"open","sticky":false,"template":"","format":"standard","meta":{"footnotes":""},"categories":[13902],"tags":[10855,9105,9644],"class_list":{"0":"post-130899","1":"post","2":"type-post","3":"status-publish","4":"format-standard","5":"has-post-thumbnail","7":"category-rieles-iberica","8":"tag-10855","9":"tag-actualidad","10":"tag-news"},"_links":{"self":[{"href":"https:\/\/www.rieles.com\/front\/wp-json\/wp\/v2\/posts\/130899","targetHints":{"allow":["GET"]}}],"collection":[{"href":"https:\/\/www.rieles.com\/front\/wp-json\/wp\/v2\/posts"}],"about":[{"href":"https:\/\/www.rieles.com\/front\/wp-json\/wp\/v2\/types\/post"}],"author":[{"embeddable":true,"href":"https:\/\/www.rieles.com\/front\/wp-json\/wp\/v2\/users\/3"}],"replies":[{"embeddable":true,"href":"https:\/\/www.rieles.com\/front\/wp-json\/wp\/v2\/comments?post=130899"}],"version-history":[{"count":1,"href":"https:\/\/www.rieles.com\/front\/wp-json\/wp\/v2\/posts\/130899\/revisions"}],"predecessor-version":[{"id":130900,"href":"https:\/\/www.rieles.com\/front\/wp-json\/wp\/v2\/posts\/130899\/revisions\/130900"}],"wp:featuredmedia":[{"embeddable":true,"href":"https:\/\/www.rieles.com\/front\/wp-json\/wp\/v2\/media\/128190"}],"wp:attachment":[{"href":"https:\/\/www.rieles.com\/front\/wp-json\/wp\/v2\/media?parent=130899"}],"wp:term":[{"taxonomy":"category","embeddable":true,"href":"https:\/\/www.rieles.com\/front\/wp-json\/wp\/v2\/categories?post=130899"},{"taxonomy":"post_tag","embeddable":true,"href":"https:\/\/www.rieles.com\/front\/wp-json\/wp\/v2\/tags?post=130899"}],"curies":[{"name":"wp","href":"https:\/\/api.w.org\/{rel}","templated":true}]}}