{"id":130902,"date":"2025-09-09T05:42:30","date_gmt":"2025-09-09T08:42:30","guid":{"rendered":"https:\/\/www.rieles.com\/front\/?p=130902"},"modified":"2025-09-09T05:42:30","modified_gmt":"2025-09-09T08:42:30","slug":"el-nuevo-tunel-de-oural-entrara-en-servicio-el-23-de-septiembre","status":"publish","type":"post","link":"https:\/\/www.rieles.com\/front\/el-nuevo-tunel-de-oural-entrara-en-servicio-el-23-de-septiembre\/","title":{"rendered":"El nuevo t\u00fanel de Oural entrar\u00e1 en servicio el 23 de septiembre"},"content":{"rendered":"<p style=\"text-align: justify;\"><span class=\"td_btn td_btn_md td_shadow_btn\">La infraestructura de 1,9 km forma parte del proyecto de renovaci\u00f3n del corredor Ourense-Monforte-Lugo que conecta con la red de alta velocidad.<\/span><\/p>\n<article>\n<p style=\"text-align: justify;\">El <strong>t\u00fanel de Oural<\/strong> comenzar\u00e1 operaciones el pr\u00f3ximo 23 de septiembre como parte del programa de <strong>modernizaci\u00f3n ferroviaria<\/strong> que ejecuta <strong>Adif<\/strong> en el corredor Ourense-Monforte de Lemos-Lugo. La infraestructura, con 1,9 kil\u00f3metros de longitud y 52 metros cuadrados de secci\u00f3n, incorpora <strong>v\u00eda en placa<\/strong> y <strong>electrificaci\u00f3n<\/strong> en configuraci\u00f3n de v\u00eda \u00fanica.<\/p>\n<p style=\"text-align: justify;\">Entre el 20 y 22 de septiembre se realizar\u00e1n las <strong>conexiones ferroviarias<\/strong> necesarias y un simulacro del plan de autoprotecci\u00f3n. Durante este per\u00edodo, <strong>Renfe<\/strong> implementar\u00e1 un <strong>Plan Alternativo de Transporte<\/strong> con 22 autobuses cubriendo ocho rutas para mantener la conectividad de pasajeros de media y larga distancia.<\/p>\n<p style=\"text-align: justify;\">Una vez operativo el nuevo t\u00fanel, el actual se transformar\u00e1 en <strong>galer\u00eda de evacuaci\u00f3n<\/strong>. Los trabajos incluir\u00e1n el desmontaje de v\u00eda y elementos ferroviarios para acondicionar el espacio como corredor de seguridad. La nueva infraestructura dispondr\u00e1 de tres <strong>salidas de emergencia<\/strong> ubicadas cada 500 metros aproximadamente.<\/p>\n<p><img loading=\"lazy\" decoding=\"async\" class=\"alignnone size-full wp-image-130904\" src=\"https:\/\/www.rieles.com\/front\/wp-content\/uploads\/2025\/09\/Nuevo-tunel-Oural-02.jpeg\" alt=\"\" width=\"768\" height=\"1024\" srcset=\"https:\/\/www.rieles.com\/front\/wp-content\/uploads\/2025\/09\/Nuevo-tunel-Oural-02.jpeg 768w, https:\/\/www.rieles.com\/front\/wp-content\/uploads\/2025\/09\/Nuevo-tunel-Oural-02-225x300.jpeg 225w, https:\/\/www.rieles.com\/front\/wp-content\/uploads\/2025\/09\/Nuevo-tunel-Oural-02-150x200.jpeg 150w, https:\/\/www.rieles.com\/front\/wp-content\/uploads\/2025\/09\/Nuevo-tunel-Oural-02-300x400.jpeg 300w, https:\/\/www.rieles.com\/front\/wp-content\/uploads\/2025\/09\/Nuevo-tunel-Oural-02-696x928.jpeg 696w, https:\/\/www.rieles.com\/front\/wp-content\/uploads\/2025\/09\/Nuevo-tunel-Oural-02-315x420.jpeg 315w\" sizes=\"auto, (max-width: 768px) 100vw, 768px\" \/><\/p>\n<p style=\"text-align: justify;\">El proyecto forma parte de la <strong>renovaci\u00f3n integral<\/strong> de 117 kil\u00f3metros que conecta con la <strong>red de alta velocidad<\/strong> en Ourense. La inversi\u00f3n total asciende a 626 millones de euros, con m\u00e1s de 507 millones ya ejecutados. Las obras contemplan la <strong>electrificaci\u00f3n<\/strong> del tramo Monforte-Lugo y la adaptaci\u00f3n a 25 kV del trayecto Ourense-Monforte.<\/p>\n<p style=\"text-align: justify;\">Entre las actuaciones destacan la instalaci\u00f3n de 120.000 nuevas <strong>traviesas<\/strong> y 130.000 metros c\u00fabicos de <strong>balasto<\/strong> en el tramo Monforte-Lugo. Asimismo, se reforzaron 56 <strong>puentes y t\u00faneles<\/strong> y se ampli\u00f3 el <strong>g\u00e1libo<\/strong> para alojar la nueva infraestructura el\u00e9ctrica. Los sistemas de <strong>se\u00f1alizaci\u00f3n y telecomunicaciones<\/strong> tambi\u00e9n fueron renovados, implementando el <strong>Bloqueo de Liberaci\u00f3n Autom\u00e1tica en V\u00eda \u00danica (BLAU)<\/strong> entre Monforte y Lugo Mercanc\u00edas.<\/p>\n<p style=\"text-align: justify;\">La modernizaci\u00f3n incluye mejoras en estaciones como Monforte, Sarria, Os Peares y la construcci\u00f3n de la nueva <strong>estaci\u00f3n de Lugo<\/strong>, consolidando un corredor ferroviario que refuerza la conectividad del noroeste peninsular.<\/p>\n<\/article>\n","protected":false},"excerpt":{"rendered":"<p>La infraestructura de 1,9 km forma parte del proyecto de renovaci\u00f3n del corredor Ourense-Monforte-Lugo que conecta con la red de alta velocidad. El t\u00fanel de Oural comenzar\u00e1 operaciones el pr\u00f3ximo 23 de septiembre como parte del programa de modernizaci\u00f3n ferroviaria que ejecuta Adif en el corredor Ourense-Monforte de Lemos-Lugo. La infraestructura, con 1,9 kil\u00f3metros de [&hellip;]<\/p>\n","protected":false},"author":4,"featured_media":130903,"comment_status":"closed","ping_status":"open","sticky":false,"template":"","format":"standard","meta":{"footnotes":""},"categories":[13902],"tags":[10855,9105,13917,13995,13940],"class_list":{"0":"post-130902","1":"post","2":"type-post","3":"status-publish","4":"format-standard","5":"has-post-thumbnail","7":"category-rieles-iberica","8":"tag-10855","9":"tag-actualidad","10":"tag-adif","11":"tag-galicia","12":"tag-ministerio-de-transportes-y-movilidad-sostenible"},"_links":{"self":[{"href":"https:\/\/www.rieles.com\/front\/wp-json\/wp\/v2\/posts\/130902","targetHints":{"allow":["GET"]}}],"collection":[{"href":"https:\/\/www.rieles.com\/front\/wp-json\/wp\/v2\/posts"}],"about":[{"href":"https:\/\/www.rieles.com\/front\/wp-json\/wp\/v2\/types\/post"}],"author":[{"embeddable":true,"href":"https:\/\/www.rieles.com\/front\/wp-json\/wp\/v2\/users\/4"}],"replies":[{"embeddable":true,"href":"https:\/\/www.rieles.com\/front\/wp-json\/wp\/v2\/comments?post=130902"}],"version-history":[{"count":1,"href":"https:\/\/www.rieles.com\/front\/wp-json\/wp\/v2\/posts\/130902\/revisions"}],"predecessor-version":[{"id":130905,"href":"https:\/\/www.rieles.com\/front\/wp-json\/wp\/v2\/posts\/130902\/revisions\/130905"}],"wp:featuredmedia":[{"embeddable":true,"href":"https:\/\/www.rieles.com\/front\/wp-json\/wp\/v2\/media\/130903"}],"wp:attachment":[{"href":"https:\/\/www.rieles.com\/front\/wp-json\/wp\/v2\/media?parent=130902"}],"wp:term":[{"taxonomy":"category","embeddable":true,"href":"https:\/\/www.rieles.com\/front\/wp-json\/wp\/v2\/categories?post=130902"},{"taxonomy":"post_tag","embeddable":true,"href":"https:\/\/www.rieles.com\/front\/wp-json\/wp\/v2\/tags?post=130902"}],"curies":[{"name":"wp","href":"https:\/\/api.w.org\/{rel}","templated":true}]}}