{"id":131171,"date":"2025-09-18T09:37:38","date_gmt":"2025-09-18T12:37:38","guid":{"rendered":"https:\/\/www.rieles.com\/front\/?p=131171"},"modified":"2025-09-18T09:37:38","modified_gmt":"2025-09-18T12:37:38","slug":"trenes-argentinos-informa-2","status":"publish","type":"post","link":"https:\/\/www.rieles.com\/front\/trenes-argentinos-informa-2\/","title":{"rendered":"Trenes Argentinos Informa"},"content":{"rendered":"<p style=\"text-align: justify;\"><strong>18\/09\/2025:<\/strong> Debido a las afectaciones, el servicio del ramal Tigre estar\u00e1 interrumpido entre el s\u00e1bado 20 y el martes 23, inclusive. En tanto, los ramales J. L. Su\u00e1rez y Bartolom\u00e9 Mitre lo har\u00e1n limitados entre ambas cabeceras y Belgrano R. sin llegar a Retiro. Los servicios de larga distancia circular\u00e1n en forma normal.<br \/>\nEn el ramal Tigre continuar\u00e1n los trabajos de renovaci\u00f3n integral de v\u00edas que forman parte de la Emergencia Ferroviaria decretada por el Gobierno Nacional, donde ya se ejecutaron m\u00e1s de 12 kil\u00f3metros de v\u00edas. Durante cuatro d\u00edas, entre el 20 y el 23 de septiembre, el servicio estar\u00e1 interrumpido dado que se intervendr\u00e1n las v\u00edas en la estaci\u00f3n Acassuso entre los cruces de G\u00fcemes y Per\u00fa. All\u00ed se har\u00e1 el desarme, montaje de la nueva v\u00eda y la reconexi\u00f3n del sistema de se\u00f1alamiento en una obra que permitir\u00e1 mejorar la seguridad operacional.<br \/>\nAdem\u00e1s en este ramal, se trabajar\u00e1 de manera simult\u00e1nea en la estaci\u00f3n Beccar, entre el paso peatonal Sarand\u00ed y paso a nivel Ayacucho. All\u00ed se ejecutar\u00e1 una renovaci\u00f3n integral de las v\u00edas, se montar\u00e1 el tercer riel y la conexi\u00f3n al sistema de se\u00f1alamiento.<br \/>\nAdem\u00e1s continuar\u00e1n los trabajos que contemplan la colocaci\u00f3n de fibra \u00f3ptica y tareas tendientes a la migraci\u00f3n hacia un nuevo sistema de se\u00f1alamiento, entre las estaciones Tres de Febrero y Colegiales.<br \/>\nSe trata de obras que son de car\u00e1cter urgente, ya que los durmientes y rieles poseen m\u00e1s de 40 a\u00f1os de antig\u00fcedad, se encuentran muy deteriorados, y la traza cuenta con m\u00e1s de 40 sectores a velocidad precautoria, generando demoras y cancelaciones en el servicio.<br \/>\nCabe mencionar que las obras del ramal Tigre est\u00e1n enmarcadas en el Plan de Acci\u00f3n de la Emergencia Ferroviaria y son ejecutadas por Trenes Argentinos Infraestructura. Las tareas tienen un plazo estimado de 24 meses y contemplan la renovaci\u00f3n total de 40 kms de v\u00eda; el reemplazo de 47 kms de tercer riel; la intervenci\u00f3n de 24 pasos a nivel y 22 pasos peatonales; el recambio de 4 paragolpes en la estaci\u00f3n Tigre; la renovaci\u00f3n de 23 aparatos de v\u00eda y la intervenci\u00f3n de 65 puentes o alcantarillas (obras de arte).<\/p>\n<p style=\"text-align: justify;\"><strong>Ramal Tigre<\/strong><br \/>\nNo circular\u00e1 desde el s\u00e1bado 20 hasta el martes 23 de septiembre inclusive. El mi\u00e9rcoles 24 el servicio se prestar\u00e1 en forma normal.<\/p>\n<p style=\"text-align: justify;\"><strong>Ramales Jos\u00e9 Le\u00f3n Su\u00e1rez y Bartolom\u00e9 Mitre<\/strong><br \/>\nCircular\u00e1n limitados, desde el s\u00e1bado 20 hasta el martes 23 de septiembre inclusive, entre Belgrano R y Jos\u00e9 L. Su\u00e1rez\/Bm\u00e9. Mitre. El mi\u00e9rcoles 24 el servicio se prestar\u00e1 en forma normal.<\/p>\n<p style=\"text-align: justify;\"><strong>Servicios de larga distancia<\/strong><br \/>\nPor \u00faltimo, los servicios que conectan Rosario, C\u00f3rdoba y Tucum\u00e1n con la Ciudad de Buenos Aires circular\u00e1n con sus cronogramas habituales.<\/p>\n<p style=\"text-align: justify;\">Para m\u00e1s consultas en <a href=\"https:\/\/www.argentina.gob.ar\/modificaciones-en-el-servicio-y-novedades\">https:\/\/www.argentina.gob.ar\/modificaciones-en-el-servicio-y-novedades<\/a> o en la APP de Trenes Argentinos.<\/p>\n<p><span style=\"color: #ff0000;\"><strong>Fuente: Agencia Rieles<\/strong><\/span><\/p>\n","protected":false},"excerpt":{"rendered":"<p>18\/09\/2025: Debido a las afectaciones, el servicio del ramal Tigre estar\u00e1 interrumpido entre el s\u00e1bado 20 y el martes 23, inclusive. En tanto, los ramales J. L. Su\u00e1rez y Bartolom\u00e9 Mitre lo har\u00e1n limitados entre ambas cabeceras y Belgrano R. sin llegar a Retiro. Los servicios de larga distancia circular\u00e1n en forma normal. En el [&hellip;]<\/p>\n","protected":false},"author":3,"featured_media":131172,"comment_status":"closed","ping_status":"open","sticky":false,"template":"","format":"standard","meta":{"footnotes":""},"categories":[4,9161],"tags":[10855,9105,9644],"class_list":{"0":"post-131171","1":"post","2":"type-post","3":"status-publish","4":"format-standard","5":"has-post-thumbnail","7":"category-nacionales","8":"category-rielesagencia","9":"tag-10855","10":"tag-actualidad","11":"tag-news"},"_links":{"self":[{"href":"https:\/\/www.rieles.com\/front\/wp-json\/wp\/v2\/posts\/131171","targetHints":{"allow":["GET"]}}],"collection":[{"href":"https:\/\/www.rieles.com\/front\/wp-json\/wp\/v2\/posts"}],"about":[{"href":"https:\/\/www.rieles.com\/front\/wp-json\/wp\/v2\/types\/post"}],"author":[{"embeddable":true,"href":"https:\/\/www.rieles.com\/front\/wp-json\/wp\/v2\/users\/3"}],"replies":[{"embeddable":true,"href":"https:\/\/www.rieles.com\/front\/wp-json\/wp\/v2\/comments?post=131171"}],"version-history":[{"count":1,"href":"https:\/\/www.rieles.com\/front\/wp-json\/wp\/v2\/posts\/131171\/revisions"}],"predecessor-version":[{"id":131173,"href":"https:\/\/www.rieles.com\/front\/wp-json\/wp\/v2\/posts\/131171\/revisions\/131173"}],"wp:featuredmedia":[{"embeddable":true,"href":"https:\/\/www.rieles.com\/front\/wp-json\/wp\/v2\/media\/131172"}],"wp:attachment":[{"href":"https:\/\/www.rieles.com\/front\/wp-json\/wp\/v2\/media?parent=131171"}],"wp:term":[{"taxonomy":"category","embeddable":true,"href":"https:\/\/www.rieles.com\/front\/wp-json\/wp\/v2\/categories?post=131171"},{"taxonomy":"post_tag","embeddable":true,"href":"https:\/\/www.rieles.com\/front\/wp-json\/wp\/v2\/tags?post=131171"}],"curies":[{"name":"wp","href":"https:\/\/api.w.org\/{rel}","templated":true}]}}