{"id":131284,"date":"2025-10-01T15:37:19","date_gmt":"2025-10-01T18:37:19","guid":{"rendered":"https:\/\/www.rieles.com\/front\/?p=131284"},"modified":"2025-10-01T15:37:19","modified_gmt":"2025-10-01T18:37:19","slug":"la-conduccion-de-sergio-sasia-obtuvo-un-respaldo-contundente-en-las-elecciones-de-la-union-ferroviaria","status":"publish","type":"post","link":"https:\/\/www.rieles.com\/front\/la-conduccion-de-sergio-sasia-obtuvo-un-respaldo-contundente-en-las-elecciones-de-la-union-ferroviaria\/","title":{"rendered":"La conducci\u00f3n de Sergio Sasia obtuvo un respaldo contundente en las elecciones de la Uni\u00f3n Ferroviaria"},"content":{"rendered":"<p style=\"text-align: justify;\"><strong>01\/10\/2025:<\/strong> La Uni\u00f3n Ferroviaria renov\u00f3 sus autoridades nacionales y seccionales en un proceso electoral que ratific\u00f3 con amplitud la conducci\u00f3n de Sergio Sasia al frente del sindicato.<br \/>\nEn los comicios, donde se eligieron el Secretariado Nacional, los Delegados al Congreso y las Comisiones Ejecutivas de las 32 Seccionales de todo el pa\u00eds, la Lista Verde oficialista \u2014encabezada por Sasia\u2014 fue la \u00fanica participante y alcanz\u00f3 el<strong> 89%<\/strong> de los votos de las y los afiliados para el Secretariado Nacional y los Delegados al Congreso.<br \/>\nEn el plano seccional, la Lista Verde se impuso en <strong>31<\/strong> de las 32 Seccionales, consolidando su representaci\u00f3n en todo el territorio y reflejando la amplia participaci\u00f3n y compromiso de las trabajadoras y los trabajadores ferroviarios.<br \/>\nEn ese sentido, Sasia destac\u00f3 el <em><strong>\u201cacompa\u00f1amiento y respaldo de la Familia Ferroviaria en todo el pa\u00eds\u201d<\/strong><\/em>, y puso en valor el comportamiento democr\u00e1tico de los afiliados y afiliadas, que permiti\u00f3 llevar adelante el proceso con absoluta normalidad.<br \/>\nDe esta manera, la elecci\u00f3n reafirma el liderazgo de <strong>Sergio Sasia<\/strong> y de la<span style=\"color: #339966;\"><strong> Lista Verde<\/strong><\/span> en la conducci\u00f3n de la Uni\u00f3n Ferroviaria, fortaleciendo su rol en defensa de los derechos de las y los ferroviarios y en el desarrollo estrat\u00e9gico del sector.<\/p>\n<p><span style=\"color: #ff0000;\"><strong>Fuente: Agencia Rieles<\/strong><\/span><\/p>\n","protected":false},"excerpt":{"rendered":"<p>01\/10\/2025: La Uni\u00f3n Ferroviaria renov\u00f3 sus autoridades nacionales y seccionales en un proceso electoral que ratific\u00f3 con amplitud la conducci\u00f3n de Sergio Sasia al frente del sindicato. En los comicios, donde se eligieron el Secretariado Nacional, los Delegados al Congreso y las Comisiones Ejecutivas de las 32 Seccionales de todo el pa\u00eds, la Lista Verde [&hellip;]<\/p>\n","protected":false},"author":3,"featured_media":131285,"comment_status":"closed","ping_status":"open","sticky":false,"template":"","format":"standard","meta":{"footnotes":""},"categories":[4,9161],"tags":[10855,9105,9644],"class_list":{"0":"post-131284","1":"post","2":"type-post","3":"status-publish","4":"format-standard","5":"has-post-thumbnail","7":"category-nacionales","8":"category-rielesagencia","9":"tag-10855","10":"tag-actualidad","11":"tag-news"},"_links":{"self":[{"href":"https:\/\/www.rieles.com\/front\/wp-json\/wp\/v2\/posts\/131284","targetHints":{"allow":["GET"]}}],"collection":[{"href":"https:\/\/www.rieles.com\/front\/wp-json\/wp\/v2\/posts"}],"about":[{"href":"https:\/\/www.rieles.com\/front\/wp-json\/wp\/v2\/types\/post"}],"author":[{"embeddable":true,"href":"https:\/\/www.rieles.com\/front\/wp-json\/wp\/v2\/users\/3"}],"replies":[{"embeddable":true,"href":"https:\/\/www.rieles.com\/front\/wp-json\/wp\/v2\/comments?post=131284"}],"version-history":[{"count":1,"href":"https:\/\/www.rieles.com\/front\/wp-json\/wp\/v2\/posts\/131284\/revisions"}],"predecessor-version":[{"id":131286,"href":"https:\/\/www.rieles.com\/front\/wp-json\/wp\/v2\/posts\/131284\/revisions\/131286"}],"wp:featuredmedia":[{"embeddable":true,"href":"https:\/\/www.rieles.com\/front\/wp-json\/wp\/v2\/media\/131285"}],"wp:attachment":[{"href":"https:\/\/www.rieles.com\/front\/wp-json\/wp\/v2\/media?parent=131284"}],"wp:term":[{"taxonomy":"category","embeddable":true,"href":"https:\/\/www.rieles.com\/front\/wp-json\/wp\/v2\/categories?post=131284"},{"taxonomy":"post_tag","embeddable":true,"href":"https:\/\/www.rieles.com\/front\/wp-json\/wp\/v2\/tags?post=131284"}],"curies":[{"name":"wp","href":"https:\/\/api.w.org\/{rel}","templated":true}]}}