{"id":133843,"date":"2026-04-28T06:00:15","date_gmt":"2026-04-28T09:00:15","guid":{"rendered":"https:\/\/www.rieles.com\/front\/?p=133843"},"modified":"2026-04-28T06:16:32","modified_gmt":"2026-04-28T09:16:32","slug":"inicia-el-proceso-de-informacion-publica-para-soterrar-un-tramo-denla-c-1-de-cercanias-en-bilbao","status":"publish","type":"post","link":"https:\/\/www.rieles.com\/front\/inicia-el-proceso-de-informacion-publica-para-soterrar-un-tramo-denla-c-1-de-cercanias-en-bilbao\/","title":{"rendered":"Inicia el proceso de informaci\u00f3n p\u00fablica para soterrar un tramo de la C-1 de Cercan\u00edas en Bilbao"},"content":{"rendered":"<p><span class=\"td_btn td_btn_md td_shadow_btn\">El Ministerio de Transportes public\u00f3 en el BOE la convocatoria para que vecinos y entidades puedan opinar\u00a0 sobre el estudio informativo para soterrar la l\u00ednea de Cercan\u00edas C-1 entre Bilbao y Santurtzi a su paso por Olabeaga.<\/span><\/p>\n<p style=\"text-align: justify;\">El Ministerio de Transportes y Movilidad Sostenible public\u00f3 en el <strong>Bolet\u00edn Oficial del Estado<\/strong> la apertura del proceso de informaci\u00f3n p\u00fablica del Estudio Informativo para soterrar la <strong>l\u00ednea C-1 de Cercan\u00edas<\/strong> a su paso por Olabeaga, en Bilbao. La convocatoria otorga un plazo de 30 d\u00edas h\u00e1biles para que ciudadanos e instituciones presenten observaciones al proyecto de <strong>soterramiento ferroviario<\/strong>.<\/p>\n<p style=\"text-align: justify;\">La actuaci\u00f3n se enmarca en el Convenio firmado en julio de 2024 entre el Ministerio, <strong>ADIF<\/strong>, el Ayuntamiento de Bilbao y la sociedad Bilbao R\u00eda 2000. El acuerdo define los compromisos asumidos por cada parte para viabilizar la variante soterrada de la l\u00ednea de <strong>ancho ib\u00e9rico<\/strong> 01-720, que actualmente divide el barrio en dos y limita su desarrollo urbano.<\/p>\n<p style=\"text-align: justify;\">El estudio analiza la \u00abAlternativa A por fases\u00bb. En la primera, la <strong>estaci\u00f3n de Olabeaga<\/strong> funcionar\u00e1 al aire libre; en la segunda, quedar\u00e1 cubierta una vez que el <strong>tr\u00e1fico de mercanc\u00edas<\/strong> se traslade a la Variante Sur Ferroviaria. Tambi\u00e9n se prev\u00e9 reubicar la <strong>subestaci\u00f3n el\u00e9ctrica de tracci\u00f3n<\/strong>, reponer el <strong>apartadero<\/strong> existente y restablecer la permeabilidad viaria y peatonal del entorno.<\/p>\n<p style=\"text-align: justify;\">El dise\u00f1o incorpora criterios de accesibilidad universal. Los itinerarios de la futura <strong>estaci\u00f3n<\/strong> se adaptar\u00e1n a personas con movilidad reducida, y la cubierta permitir\u00e1 la entrada de luz natural. Se reponen los viales San Nicol\u00e1s de Olabeaga y Camino de la Ventosa, y se recupera para uso p\u00fablico el Camino de Labein, antes privado, que conectar\u00e1 el barrio con la Avenida Montevideo.<\/p>\n<p style=\"text-align: justify;\">Los terrenos pertenecieron a los laboratorios Labein, cuyas instalaciones hoy est\u00e1n desmanteladas. La liberaci\u00f3n de ese suelo permitir\u00e1 construir, entre otros usos, <strong>vivienda de protecci\u00f3n p\u00fablica<\/strong>. La actuaci\u00f3n ya cuenta con informe de <strong>impacto ambiental<\/strong> favorable, publicado en el BOE en agosto de 2024, y se alinea con los objetivos de la Estrategia de Movilidad Sostenible, Segura y Conectada 2030. Las aportaciones que quieran hacer vecinos entidades o otras organizaciones pueden realizarse en el siguiente <a href=\"https:\/\/www.transportes.gob.es\/ferrocarriles\/estudios-de-planificacion\">enlace<\/a>.<\/p>\n<p><em>Las im\u00e1genes de esta nota fueron facilitadas por la empresa, entidad y\/u organismo de gobierno involucrado. Las de particulares han sido acreditadas al pie de la foto.<\/em><\/p>\n","protected":false},"excerpt":{"rendered":"<p>El Ministerio de Transportes public\u00f3 en el BOE la convocatoria para que vecinos y entidades puedan opinar\u00a0 sobre el estudio informativo para soterrar la l\u00ednea de Cercan\u00edas C-1 entre Bilbao y Santurtzi a su paso por Olabeaga. El Ministerio de Transportes y Movilidad Sostenible public\u00f3 en el Bolet\u00edn Oficial del Estado la apertura del proceso [&hellip;]<\/p>\n","protected":false},"author":4,"featured_media":133844,"comment_status":"closed","ping_status":"open","sticky":false,"template":"","format":"standard","meta":{"footnotes":""},"categories":[13902],"tags":[10855,9105,14029,9644],"class_list":{"0":"post-133843","1":"post","2":"type-post","3":"status-publish","4":"format-standard","5":"has-post-thumbnail","7":"category-rieles-iberica","8":"tag-10855","9":"tag-actualidad","10":"tag-cercanias-bilbao","11":"tag-news"},"_links":{"self":[{"href":"https:\/\/www.rieles.com\/front\/wp-json\/wp\/v2\/posts\/133843","targetHints":{"allow":["GET"]}}],"collection":[{"href":"https:\/\/www.rieles.com\/front\/wp-json\/wp\/v2\/posts"}],"about":[{"href":"https:\/\/www.rieles.com\/front\/wp-json\/wp\/v2\/types\/post"}],"author":[{"embeddable":true,"href":"https:\/\/www.rieles.com\/front\/wp-json\/wp\/v2\/users\/4"}],"replies":[{"embeddable":true,"href":"https:\/\/www.rieles.com\/front\/wp-json\/wp\/v2\/comments?post=133843"}],"version-history":[{"count":4,"href":"https:\/\/www.rieles.com\/front\/wp-json\/wp\/v2\/posts\/133843\/revisions"}],"predecessor-version":[{"id":133853,"href":"https:\/\/www.rieles.com\/front\/wp-json\/wp\/v2\/posts\/133843\/revisions\/133853"}],"wp:featuredmedia":[{"embeddable":true,"href":"https:\/\/www.rieles.com\/front\/wp-json\/wp\/v2\/media\/133844"}],"wp:attachment":[{"href":"https:\/\/www.rieles.com\/front\/wp-json\/wp\/v2\/media?parent=133843"}],"wp:term":[{"taxonomy":"category","embeddable":true,"href":"https:\/\/www.rieles.com\/front\/wp-json\/wp\/v2\/categories?post=133843"},{"taxonomy":"post_tag","embeddable":true,"href":"https:\/\/www.rieles.com\/front\/wp-json\/wp\/v2\/tags?post=133843"}],"curies":[{"name":"wp","href":"https:\/\/api.w.org\/{rel}","templated":true}]}}