{"id":133854,"date":"2026-04-29T03:00:56","date_gmt":"2026-04-29T06:00:56","guid":{"rendered":"https:\/\/www.rieles.com\/front\/?p=133854"},"modified":"2026-04-29T05:03:49","modified_gmt":"2026-04-29T08:03:49","slug":"licitan-por-e32-millones-la-renovacion-de-senalizacion-en-la-c-5-de-cercanias-madrid","status":"publish","type":"post","link":"https:\/\/www.rieles.com\/front\/licitan-por-e32-millones-la-renovacion-de-senalizacion-en-la-c-5-de-cercanias-madrid\/","title":{"rendered":"Licitan por \u20ac32 millones la renovaci\u00f3n de se\u00f1alizaci\u00f3n en la C-5 de Cercan\u00edas Madrid"},"content":{"rendered":"<p style=\"text-align: justify;\"><span class=\"td_btn td_btn_md td_shadow_btn\">La actuaci\u00f3n abarca 20,7 kil\u00f3metros entre M\u00f3stoles-El Soto y Embajadores e incluye once estaciones. El proyecto se integra en el plan de 650 millones para mejorar la operaci\u00f3n y preparar la l\u00ednea para futuras tecnolog\u00edas de operaci\u00f3n ferroviaria.<\/span><\/p>\n<p style=\"text-align: justify;\">El Consejo de Ministros autoriz\u00f3 al Ministerio de Transportes y Movilidad Sostenible a licitar, a trav\u00e9s de ADIF, un contrato de 32 millones de euros para renovar la <strong>se\u00f1alizaci\u00f3n<\/strong> en un primer tramo de la l\u00ednea C-5 de <strong>Cercan\u00edas Madrid<\/strong>, entre M\u00f3stoles-El Soto y Embajadores, una extensi\u00f3n de 20,7 kil\u00f3metros y once <strong>estaciones<\/strong>.<\/p>\n<p style=\"text-align: justify;\">La actuaci\u00f3n integra el plan de renovaci\u00f3n de la C-5, que prev\u00e9 650 millones de inversi\u00f3n para aumentar la <strong>capacidad<\/strong> y la fiabilidad del <strong>servicio<\/strong>. Seg\u00fan el Gobierno, la intervenci\u00f3n apunta a mejorar la operaci\u00f3n de <strong>pasajeros<\/strong> en el principal eje de la red, con una alta demanda diaria.<\/p>\n<p style=\"text-align: justify;\">El contrato incluye nuevos enclavamientos electr\u00f3nicos en Aluche, Embajadores, Cuatro Vientos, Alcorc\u00f3n y M\u00f3stoles El Soto, el reemplazo de se\u00f1ales por tecnolog\u00eda LED y la instalaci\u00f3n de <strong>ASFA Digital<\/strong>. Tambi\u00e9n se incorporan nuevos circuitos de <strong>v\u00eda<\/strong> y un nuevo <strong>bloqueo<\/strong> entre M\u00f3stoles-El Soto y Laguna.<\/p>\n<p style=\"text-align: justify;\">La actualizaci\u00f3n contempla un sistema que permitir\u00e1 circular en ambos sentidos por las dos v\u00edas, lo que incrementa la <strong>capacidad<\/strong> y la flexibilidad de la explotaci\u00f3n. Se desplegar\u00e1 fibra \u00f3ptica, refuerzos de energ\u00eda y respaldo el\u00e9ctrico para sostener la <strong>seguridad operacional<\/strong> y la gesti\u00f3n remota de los equipos.<\/p>\n<p style=\"text-align: justify;\">Adem\u00e1s, los equipos quedar\u00e1n preparados para una futura implantaci\u00f3n del <strong>ERTMS<\/strong> nivel 2, con impacto en la interoperabilidad. El Ministerio enmarca la obra en el \u00abPlan de <strong>Cercan\u00edas<\/strong> Madrid\u00bb, que incluye ampliaciones de red, mejoras de <strong>estaci\u00f3n<\/strong> y renovaci\u00f3n de sistemas en distintos corredores.<\/p>\n<p style=\"text-align: justify;\">El ministerio se\u00f1al\u00f3 que la licitaci\u00f3n se suma a otras actuaciones en marcha, como duplicaciones de <strong>v\u00eda<\/strong> y nuevas <strong>estaciones<\/strong>. ADIF coordinar\u00e1 los trabajos para minimizar afecciones al <strong>tren<\/strong> y mantener la regularidad del <strong>operador ferroviario<\/strong> durante la ejecuci\u00f3n en esta fase.<\/p>\n<p><em>Las im\u00e1genes de esta nota fueron facilitadas por la empresa, entidad y\/u organismo de gobierno involucrado. Las de particulares han sido acreditadas al pie de la foto.<\/em><\/p>\n","protected":false},"excerpt":{"rendered":"<p>La actuaci\u00f3n abarca 20,7 kil\u00f3metros entre M\u00f3stoles-El Soto y Embajadores e incluye once estaciones. El proyecto se integra en el plan de 650 millones para mejorar la operaci\u00f3n y preparar la l\u00ednea para futuras tecnolog\u00edas de operaci\u00f3n ferroviaria. El Consejo de Ministros autoriz\u00f3 al Ministerio de Transportes y Movilidad Sostenible a licitar, a trav\u00e9s de [&hellip;]<\/p>\n","protected":false},"author":4,"featured_media":133855,"comment_status":"closed","ping_status":"open","sticky":false,"template":"","format":"standard","meta":{"footnotes":""},"categories":[13902],"tags":[10855,9105,13931,9644],"class_list":{"0":"post-133854","1":"post","2":"type-post","3":"status-publish","4":"format-standard","5":"has-post-thumbnail","7":"category-rieles-iberica","8":"tag-10855","9":"tag-actualidad","10":"tag-cercanias-madrid","11":"tag-news"},"_links":{"self":[{"href":"https:\/\/www.rieles.com\/front\/wp-json\/wp\/v2\/posts\/133854","targetHints":{"allow":["GET"]}}],"collection":[{"href":"https:\/\/www.rieles.com\/front\/wp-json\/wp\/v2\/posts"}],"about":[{"href":"https:\/\/www.rieles.com\/front\/wp-json\/wp\/v2\/types\/post"}],"author":[{"embeddable":true,"href":"https:\/\/www.rieles.com\/front\/wp-json\/wp\/v2\/users\/4"}],"replies":[{"embeddable":true,"href":"https:\/\/www.rieles.com\/front\/wp-json\/wp\/v2\/comments?post=133854"}],"version-history":[{"count":3,"href":"https:\/\/www.rieles.com\/front\/wp-json\/wp\/v2\/posts\/133854\/revisions"}],"predecessor-version":[{"id":133860,"href":"https:\/\/www.rieles.com\/front\/wp-json\/wp\/v2\/posts\/133854\/revisions\/133860"}],"wp:featuredmedia":[{"embeddable":true,"href":"https:\/\/www.rieles.com\/front\/wp-json\/wp\/v2\/media\/133855"}],"wp:attachment":[{"href":"https:\/\/www.rieles.com\/front\/wp-json\/wp\/v2\/media?parent=133854"}],"wp:term":[{"taxonomy":"category","embeddable":true,"href":"https:\/\/www.rieles.com\/front\/wp-json\/wp\/v2\/categories?post=133854"},{"taxonomy":"post_tag","embeddable":true,"href":"https:\/\/www.rieles.com\/front\/wp-json\/wp\/v2\/tags?post=133854"}],"curies":[{"name":"wp","href":"https:\/\/api.w.org\/{rel}","templated":true}]}}