{"id":133857,"date":"2026-04-29T05:30:07","date_gmt":"2026-04-29T08:30:07","guid":{"rendered":"https:\/\/www.rieles.com\/front\/?p=133857"},"modified":"2026-04-29T05:30:07","modified_gmt":"2026-04-29T08:30:07","slug":"ruta-de-la-plata-no-hay-fecha-para-la-presentacion-del-informe-del-gobierno-y-el-10-de-mayo-hay-movilizacion-en-salamanca","status":"publish","type":"post","link":"https:\/\/www.rieles.com\/front\/ruta-de-la-plata-no-hay-fecha-para-la-presentacion-del-informe-del-gobierno-y-el-10-de-mayo-hay-movilizacion-en-salamanca\/","title":{"rendered":"Ruta de la plata: no hay fecha para la presentaci\u00f3n del informe del gobierno y el 10 de mayo hay movilizaci\u00f3n en Salamanca"},"content":{"rendered":"<p style=\"text-align: justify;\"><span class=\"td_btn td_btn_md td_shadow_btn\">El Ministerio inform\u00f3 que avanza con estudios de demanda, alternativas y evaluaci\u00f3n socioecon\u00f3mica antes de definir una eventual reapertura del corredor ferroviario, pero a\u00fan posterga los resultados finales. La plataforma por la vuelta del tren convoca a una concentraci\u00f3n.<\/span><\/p>\n<p style=\"text-align: justify;\">El Ministerio de Transportes y Movilidad Sostenible inform\u00f3 ayer que avanza en el <strong>Estudio de Viabilidad<\/strong> de la conexi\u00f3n <strong>ferroviaria<\/strong> Plasencia-Le\u00f3n, paso previo al Estudio Informativo. El secretario de Estado de Transportes y Movilidad Sostenible, Jos\u00e9 Antonio Santano, inform\u00f3 a diputados sobre el estado del contrato, que analiza alternativas, <strong>demanda<\/strong> y coste beneficio para una futura reapertura de la <strong>l\u00ednea<\/strong>.<\/p>\n<p style=\"text-align: justify;\">El documento incluye un an\u00e1lisis de alternativas estrat\u00e9gicas y la opci\u00f3n de mantener la situaci\u00f3n actual. Tambi\u00e9n incorpora un estudio de <strong>demanda<\/strong> y evaluaci\u00f3n socioecon\u00f3mica. Los trabajos iniciales identificaron condicionantes del entorno tras consultas a municipios, con demoras que ampliaron plazos contractuales.<\/p>\n<p style=\"text-align: justify;\">La campa\u00f1a de encuestas a <strong>pasajeros<\/strong>, cargadores y transportistas permiti\u00f3 caracterizar la demanda potencial del corredor. La coordinaci\u00f3n con agentes e instituciones extendi\u00f3 el calendario y oblig\u00f3 a nuevas pr\u00f3rrogas para validar la informaci\u00f3n. Con esto es con lo que est\u00e1 avanzando el an\u00e1lisis de la demanda y en la definici\u00f3n de alternativas t\u00e9cnicas de <strong>trazado<\/strong>.<\/p>\n<p style=\"text-align: justify;\">El Ministerio sostiene que la planificaci\u00f3n se basa en criterios t\u00e9cnicos y en la movilidad sostenible para <strong>pasajeros<\/strong> y <strong>mercanc\u00edas<\/strong>. Una vez finalizado, el estudio ser\u00e1 remitido al Consejo Asesor para elaborar el informe final.<\/p>\n<h4>Movilizaci\u00f3n en Salamanca<\/h4>\n<p style=\"text-align: justify;\">Por su parte, la <strong>plataforma<\/strong> que viene trabajando hace algunos a\u00f1os en difundir y alentar el pedido de la ciudadan\u00eda por la vuelta del tren ha convocado una nueva <strong>movilizaci\u00f3n<\/strong> para el <strong>10 de mayo<\/strong> a las <strong>12<\/strong> en la Plaza Mayor de <strong>Salamanca<\/strong>. El encuentro viene motivado tambi\u00e9n por la reciente cancelaci\u00f3n del servicio directo entre Salamanca y Barcelona, que fue sustitu\u00eddo por uno con trasbordo. Las entidades agrupadas en la plataforma sostienen que el reestablecimiento de la conexi\u00f3n ferroviaria es necesario para evitar la despoblaci\u00f3n de la zona, en un momento en que, seg\u00fan se\u00f1alan, la regi\u00f3n est\u00e1 experimentando un repunte en las actividades econ\u00f3micas.<\/p>\n<p><em>Las im\u00e1genes de esta nota fueron facilitadas por la empresa, entidad y\/u organismo de gobierno involucrado. Las que pertenecen a particulares han sido acreditadas al pie de la foto.\u00a0<\/em><\/p>\n","protected":false},"excerpt":{"rendered":"<p>El Ministerio inform\u00f3 que avanza con estudios de demanda, alternativas y evaluaci\u00f3n socioecon\u00f3mica antes de definir una eventual reapertura del corredor ferroviario, pero a\u00fan posterga los resultados finales. La plataforma por la vuelta del tren convoca a una concentraci\u00f3n. El Ministerio de Transportes y Movilidad Sostenible inform\u00f3 ayer que avanza en el Estudio de Viabilidad [&hellip;]<\/p>\n","protected":false},"author":4,"featured_media":133861,"comment_status":"closed","ping_status":"open","sticky":false,"template":"","format":"standard","meta":{"footnotes":""},"categories":[13902],"tags":[10855,9105,9644,13958],"class_list":{"0":"post-133857","1":"post","2":"type-post","3":"status-publish","4":"format-standard","5":"has-post-thumbnail","7":"category-rieles-iberica","8":"tag-10855","9":"tag-actualidad","10":"tag-news","11":"tag-ruta-de-la-plata"},"_links":{"self":[{"href":"https:\/\/www.rieles.com\/front\/wp-json\/wp\/v2\/posts\/133857","targetHints":{"allow":["GET"]}}],"collection":[{"href":"https:\/\/www.rieles.com\/front\/wp-json\/wp\/v2\/posts"}],"about":[{"href":"https:\/\/www.rieles.com\/front\/wp-json\/wp\/v2\/types\/post"}],"author":[{"embeddable":true,"href":"https:\/\/www.rieles.com\/front\/wp-json\/wp\/v2\/users\/4"}],"replies":[{"embeddable":true,"href":"https:\/\/www.rieles.com\/front\/wp-json\/wp\/v2\/comments?post=133857"}],"version-history":[{"count":2,"href":"https:\/\/www.rieles.com\/front\/wp-json\/wp\/v2\/posts\/133857\/revisions"}],"predecessor-version":[{"id":133862,"href":"https:\/\/www.rieles.com\/front\/wp-json\/wp\/v2\/posts\/133857\/revisions\/133862"}],"wp:featuredmedia":[{"embeddable":true,"href":"https:\/\/www.rieles.com\/front\/wp-json\/wp\/v2\/media\/133861"}],"wp:attachment":[{"href":"https:\/\/www.rieles.com\/front\/wp-json\/wp\/v2\/media?parent=133857"}],"wp:term":[{"taxonomy":"category","embeddable":true,"href":"https:\/\/www.rieles.com\/front\/wp-json\/wp\/v2\/categories?post=133857"},{"taxonomy":"post_tag","embeddable":true,"href":"https:\/\/www.rieles.com\/front\/wp-json\/wp\/v2\/tags?post=133857"}],"curies":[{"name":"wp","href":"https:\/\/api.w.org\/{rel}","templated":true}]}}