{"id":133863,"date":"2026-04-29T07:13:15","date_gmt":"2026-04-29T10:13:15","guid":{"rendered":"https:\/\/www.rieles.com\/front\/?p=133863"},"modified":"2026-04-29T07:13:16","modified_gmt":"2026-04-29T10:13:16","slug":"renfe-supera-el-millon-de-plazas-para-el-puente-de-mayo-y-reactiva-la-alta-velocidad-con-malaga","status":"publish","type":"post","link":"https:\/\/www.rieles.com\/front\/renfe-supera-el-millon-de-plazas-para-el-puente-de-mayo-y-reactiva-la-alta-velocidad-con-malaga\/","title":{"rendered":"Renfe supera el mill\u00f3n de plazas para el puente de mayo y reactiva la alta velocidad con M\u00e1laga"},"content":{"rendered":"<p style=\"text-align: justify;\"><span class=\"td_btn td_btn_md td_shadow_btn\">La operadora program\u00f3 m\u00e1s de un mill\u00f3n de plazas entre el 30 de abril y el 3 de mayo, con refuerzos en AVE, Avlo, Media Distancia y servicios con Madrid, el norte y Andaluc\u00eda como ejes principales.<\/span><\/p>\n<p style=\"text-align: justify;\">Renfe anunci\u00f3 que pondr\u00e1 a disposici\u00f3n de los viajeros m\u00e1s de un mill\u00f3n de plazas en sus trenes entre el jueves 30 de abril y el domingo 3 de mayo, en coincidencia con el festivo del 1 mayo y la fiesta auton\u00f3mica de la Comunidad de Madrid (s\u00e1bado 2). La oferta incluye servicios de <strong>alta velocidad<\/strong>, larga distancia y conexiones de media distancia.<\/p>\n<p style=\"text-align: justify;\">De ese total, m\u00e1s de 426.100 plazas corresponden a trenes de alta velocidad y larga distancia. La empresa prev\u00e9 m\u00e1s de 125.000 asientos solo para el jueves 30, jornada en la que espera el mayor movimiento de viajeros. El resto se reparte entre <strong>Avant<\/strong> y servicios regionales, con m\u00e1s de 636.100 plazas para los d\u00edas del puente.<\/p>\n<p style=\"text-align: justify;\">Entre los trayectos m\u00e1s demandados figuran Madrid-Toledo, Madrid-Segovia-Valladolid y Madrid-Puertollano. En esos corredores, Renfe oferta m\u00e1s de 24.250, 23.530 y 17.600 plazas, respectivamente. Tambi\u00e9n destaca la relaci\u00f3n con A Coru\u00f1a, que tendr\u00e1 cerca de 18.000 plazas gracias a los trenes de la serie 106, de mayor capacidad en larga distancia.<\/p>\n<p style=\"text-align: justify;\">En paralelo, la compa\u00f1\u00eda restablecer\u00e1 desde el 30 de abril los servicios directos de <strong>alta velocidad<\/strong> con origen y destino M\u00e1laga, tras las incidencias causadas en enero por el temporal. Renfe indic\u00f3 que la circulaci\u00f3n vuelve sin transbordo en Antequera Santa Ana, aunque con ajustes de horario por tramos en v\u00eda \u00fanica.<\/p>\n<p><em>Las im\u00e1genes de esta nota fueron facilitadas por la empresa, entidad y\/u organismo de gobierno involucrado. Las de particulares han sido acreditadas al pie de la foto.<\/em><\/p>\n","protected":false},"excerpt":{"rendered":"<p>La operadora program\u00f3 m\u00e1s de un mill\u00f3n de plazas entre el 30 de abril y el 3 de mayo, con refuerzos en AVE, Avlo, Media Distancia y servicios con Madrid, el norte y Andaluc\u00eda como ejes principales. Renfe anunci\u00f3 que pondr\u00e1 a disposici\u00f3n de los viajeros m\u00e1s de un mill\u00f3n de plazas en sus trenes [&hellip;]<\/p>\n","protected":false},"author":4,"featured_media":133864,"comment_status":"closed","ping_status":"open","sticky":false,"template":"","format":"standard","meta":{"footnotes":""},"categories":[13902],"tags":[10855,9105,9644,5727],"class_list":{"0":"post-133863","1":"post","2":"type-post","3":"status-publish","4":"format-standard","5":"has-post-thumbnail","7":"category-rieles-iberica","8":"tag-10855","9":"tag-actualidad","10":"tag-news","11":"tag-renfe"},"_links":{"self":[{"href":"https:\/\/www.rieles.com\/front\/wp-json\/wp\/v2\/posts\/133863","targetHints":{"allow":["GET"]}}],"collection":[{"href":"https:\/\/www.rieles.com\/front\/wp-json\/wp\/v2\/posts"}],"about":[{"href":"https:\/\/www.rieles.com\/front\/wp-json\/wp\/v2\/types\/post"}],"author":[{"embeddable":true,"href":"https:\/\/www.rieles.com\/front\/wp-json\/wp\/v2\/users\/4"}],"replies":[{"embeddable":true,"href":"https:\/\/www.rieles.com\/front\/wp-json\/wp\/v2\/comments?post=133863"}],"version-history":[{"count":1,"href":"https:\/\/www.rieles.com\/front\/wp-json\/wp\/v2\/posts\/133863\/revisions"}],"predecessor-version":[{"id":133865,"href":"https:\/\/www.rieles.com\/front\/wp-json\/wp\/v2\/posts\/133863\/revisions\/133865"}],"wp:featuredmedia":[{"embeddable":true,"href":"https:\/\/www.rieles.com\/front\/wp-json\/wp\/v2\/media\/133864"}],"wp:attachment":[{"href":"https:\/\/www.rieles.com\/front\/wp-json\/wp\/v2\/media?parent=133863"}],"wp:term":[{"taxonomy":"category","embeddable":true,"href":"https:\/\/www.rieles.com\/front\/wp-json\/wp\/v2\/categories?post=133863"},{"taxonomy":"post_tag","embeddable":true,"href":"https:\/\/www.rieles.com\/front\/wp-json\/wp\/v2\/tags?post=133863"}],"curies":[{"name":"wp","href":"https:\/\/api.w.org\/{rel}","templated":true}]}}