{"id":134884,"date":"2026-08-31T18:20:04","date_gmt":"2026-08-31T21:20:04","guid":{"rendered":"https:\/\/www.rieles.com\/front\/?p=134884"},"modified":"2026-08-31T19:56:23","modified_gmt":"2026-08-31T22:56:23","slug":"en-justo-daract-el-sindicato-la-fraternidad-festejo-el-dia-de-la-ninez","status":"publish","type":"post","link":"https:\/\/www.rieles.com\/front\/en-justo-daract-el-sindicato-la-fraternidad-festejo-el-dia-de-la-ninez\/","title":{"rendered":"En Justo Daract, el Sindicato La Fraternidad festejo el dia de la Ni\u00f1ez"},"content":{"rendered":"<p style=\"text-align: justify;\"><strong>31\/08\/2026:<\/strong> Durante el pasado fin de semena, m\u00e1s precisamente los dias 29 y 30 de agosto las localidades de Villa Mercedes y Justo Daract fueron testigos de un momento historico.<\/p>\n<p><img loading=\"lazy\" decoding=\"async\" class=\"aligncenter wp-image-134896 size-full\" src=\"https:\/\/www.rieles.com\/front\/wp-content\/uploads\/2026\/08\/mercedes1.jpeg\" alt=\"\" width=\"1024\" height=\"576\" srcset=\"https:\/\/www.rieles.com\/front\/wp-content\/uploads\/2026\/08\/mercedes1.jpeg 1024w, https:\/\/www.rieles.com\/front\/wp-content\/uploads\/2026\/08\/mercedes1-300x169.jpeg 300w, https:\/\/www.rieles.com\/front\/wp-content\/uploads\/2026\/08\/mercedes1-768x432.jpeg 768w, https:\/\/www.rieles.com\/front\/wp-content\/uploads\/2026\/08\/mercedes1-150x84.jpeg 150w, https:\/\/www.rieles.com\/front\/wp-content\/uploads\/2026\/08\/mercedes1-696x392.jpeg 696w, https:\/\/www.rieles.com\/front\/wp-content\/uploads\/2026\/08\/mercedes1-747x420.jpeg 747w\" sizes=\"auto, (max-width: 1024px) 100vw, 1024px\" \/><\/p>\n<p style=\"text-align: justify;\">Con la coordinacion del Sindicato La Fraternidad, L\u00ednea San Martin y con un trabajo en conjunto llevado adelante con el Museo Ferroviario de Villa Mercedes y la Municipalidad de Villa Mercedes; el pasado s\u00e1bado 29 de agosto el Tren Museo Itinerante llego a la citada ciudad con el fin de que todos los vecinos puedan recorrer la historia de nuestro ferrocarril. En la visita se pudo visitar el coche OF 1, utilizado por Juan Pablo II, el Coche BA 400 el cual circulaba en la formaci\u00f3n del Expreso el Libertador, el coche cine PA 659 el cual formaba parte de la formaci\u00f3n del Expreso Arrayanes y el coche Pullman PA 412 que circulaba en los servicios a Mendoza y San Juan.<\/p>\n\r\n                <style type=\"text\/css\">\r\n                    \r\n                    #tdi_1  .td-doubleSlider-2 .td-item1 {\r\n                        background: url(https:\/\/www.rieles.com\/front\/wp-content\/uploads\/2026\/08\/mercedes2-80x60.jpeg) 0 0 no-repeat;\r\n                    }\r\n                    #tdi_1  .td-doubleSlider-2 .td-item2 {\r\n                        background: url(https:\/\/www.rieles.com\/front\/wp-content\/uploads\/2026\/08\/mercedes3-80x60.jpeg) 0 0 no-repeat;\r\n                    }\r\n                <\/style>\r\n\r\n                <div id=\"tdi_1\" class=\"td-gallery td-slide-on-2-columns\">\r\n                    <div class=\"post_td_gallery\">\r\n                        <div class=\"td-gallery-slide-top\">\r\n                           <div class=\"td-gallery-title\"><\/div>\r\n\r\n                            <div class=\"td-gallery-controls-wrapper\">\r\n                                <div class=\"td-gallery-slide-count\"><span class=\"td-gallery-slide-item-focus\">1<\/span> de 2<\/div>\r\n                                <div class=\"td-gallery-slide-prev-next-but\">\r\n                                    <i class = \"td-icon-left doubleSliderPrevButton\"><\/i>\r\n                                    <i class = \"td-icon-right doubleSliderNextButton\"><\/i>\r\n                                <\/div>\r\n                            <\/div>\r\n                        <\/div>\r\n\r\n                        <div class = \"td-doubleSlider-1 \">\r\n                            <div class = \"td-slider\">\r\n                                \r\n                    <div class = \"td-slide-item td-item1\">\r\n                        <figure class=\"td-slide-galery-figure td-slide-popup-gallery\">\r\n                            <a class=\"slide-gallery-image-link\" href=\"https:\/\/www.rieles.com\/front\/wp-content\/uploads\/2026\/08\/mercedes2.jpeg\" title=\"mercedes2\"  data-caption=\"\"  data-description=\"\">\r\n                                <img decoding=\"async\" src=\"https:\/\/www.rieles.com\/front\/wp-content\/uploads\/2026\/08\/mercedes2-236x420.jpeg\" srcset=\"https:\/\/www.rieles.com\/front\/wp-content\/uploads\/2026\/08\/mercedes2-236x420.jpeg 236w, https:\/\/www.rieles.com\/front\/wp-content\/uploads\/2026\/08\/mercedes2-169x300.jpeg 169w, https:\/\/www.rieles.com\/front\/wp-content\/uploads\/2026\/08\/mercedes2-150x267.jpeg 150w, https:\/\/www.rieles.com\/front\/wp-content\/uploads\/2026\/08\/mercedes2-300x533.jpeg 300w, https:\/\/www.rieles.com\/front\/wp-content\/uploads\/2026\/08\/mercedes2.jpeg 576w\" sizes=\"(max-width: 236px) 100vw, 236px\" alt=\"\">\r\n                            <\/a>\r\n                            \r\n                        <\/figure>\r\n                    <\/div>\r\n                    <div class = \"td-slide-item td-item2\">\r\n                        <figure class=\"td-slide-galery-figure td-slide-popup-gallery\">\r\n                            <a class=\"slide-gallery-image-link\" href=\"https:\/\/www.rieles.com\/front\/wp-content\/uploads\/2026\/08\/mercedes3.jpeg\" title=\"mercedes3\"  data-caption=\"\"  data-description=\"\">\r\n                                <img decoding=\"async\" src=\"https:\/\/www.rieles.com\/front\/wp-content\/uploads\/2026\/08\/mercedes3-236x420.jpeg\" srcset=\"https:\/\/www.rieles.com\/front\/wp-content\/uploads\/2026\/08\/mercedes3-236x420.jpeg 236w, https:\/\/www.rieles.com\/front\/wp-content\/uploads\/2026\/08\/mercedes3-169x300.jpeg 169w, https:\/\/www.rieles.com\/front\/wp-content\/uploads\/2026\/08\/mercedes3-150x267.jpeg 150w, https:\/\/www.rieles.com\/front\/wp-content\/uploads\/2026\/08\/mercedes3-300x533.jpeg 300w, https:\/\/www.rieles.com\/front\/wp-content\/uploads\/2026\/08\/mercedes3.jpeg 576w\" sizes=\"(max-width: 236px) 100vw, 236px\" alt=\"\">\r\n                            <\/a>\r\n                            \r\n                        <\/figure>\r\n                    <\/div>\r\n                            <\/div>\r\n                        <\/div>\r\n\r\n                        <div class = \"td-doubleSlider-2\">\r\n                            <div class = \"td-slider\">\r\n                                \r\n                    <div class = \"td-button td-item1\">\r\n                        <div class = \"td-border\"><\/div>\r\n                    <\/div>\r\n                    <div class = \"td-button td-item2\">\r\n                        <div class = \"td-border\"><\/div>\r\n                    <\/div>\r\n                            <\/div>\r\n                        <\/div>\r\n\r\n                    <\/div>\r\n\r\n                <\/div>\r\n                \n<p style=\"text-align: justify;\">Durante la estadia el Tren Museo fue visitada por m\u00e1s de ochocientas personas que pudieron ser testigos de la epoca dorada de nuestros ferrocarriles; por otra parte se aprovecho esta llegada tan importante para homenajear a un jubilado ferroviario, Paez H\u00e9ctor Virgilio, el cual cumpli\u00f3 50 a\u00f1os de socio en el Sindicato La Fraternidad.<\/p>\n<p><iframe loading=\"lazy\" title=\"Reconocimiento Jubilado Ferroviario\" width=\"696\" height=\"392\" src=\"https:\/\/www.youtube.com\/embed\/K2CQ49CL1uM?feature=oembed\" frameborder=\"0\" allow=\"accelerometer; autoplay; clipboard-write; encrypted-media; gyroscope; picture-in-picture; web-share\" referrerpolicy=\"strict-origin-when-cross-origin\" allowfullscreen><\/iframe><\/p>\n<p style=\"text-align: justify;\">Durante la visita estuvieron presentes los Directivos Nacionales del Sindicato La Fraternidad, Ariel Coria, Angel Panelo y Nicolas Coria quienes recorrieron la historica formaci\u00f3n junto al se\u00f1or Intendente de Villa Mercedes, Maxi Frontera, personal del Tren Museo Itinerante y representantes de otros gremios ferroviarios.<\/p>\n\r\n                <style type=\"text\/css\">\r\n                    \r\n                    #tdi_2  .td-doubleSlider-2 .td-item1 {\r\n                        background: url(https:\/\/www.rieles.com\/front\/wp-content\/uploads\/2026\/08\/mercedes4-80x60.jpeg) 0 0 no-repeat;\r\n                    }\r\n                    #tdi_2  .td-doubleSlider-2 .td-item2 {\r\n                        background: url(https:\/\/www.rieles.com\/front\/wp-content\/uploads\/2026\/08\/daract-8-80x60.jpeg) 0 0 no-repeat;\r\n                    }\r\n                    #tdi_2  .td-doubleSlider-2 .td-item3 {\r\n                        background: url(https:\/\/www.rieles.com\/front\/wp-content\/uploads\/2026\/08\/mercedes5-80x60.jpeg) 0 0 no-repeat;\r\n                    }\r\n                <\/style>\r\n\r\n                <div id=\"tdi_2\" class=\"td-gallery td-slide-on-2-columns\">\r\n                    <div class=\"post_td_gallery\">\r\n                        <div class=\"td-gallery-slide-top\">\r\n                           <div class=\"td-gallery-title\"><\/div>\r\n\r\n                            <div class=\"td-gallery-controls-wrapper\">\r\n                                <div class=\"td-gallery-slide-count\"><span class=\"td-gallery-slide-item-focus\">1<\/span> de 3<\/div>\r\n                                <div class=\"td-gallery-slide-prev-next-but\">\r\n                                    <i class = \"td-icon-left doubleSliderPrevButton\"><\/i>\r\n                                    <i class = \"td-icon-right doubleSliderNextButton\"><\/i>\r\n                                <\/div>\r\n                            <\/div>\r\n                        <\/div>\r\n\r\n                        <div class = \"td-doubleSlider-1 \">\r\n                            <div class = \"td-slider\">\r\n                                \r\n                    <div class = \"td-slide-item td-item1\">\r\n                        <figure class=\"td-slide-galery-figure td-slide-popup-gallery\">\r\n                            <a class=\"slide-gallery-image-link\" href=\"https:\/\/www.rieles.com\/front\/wp-content\/uploads\/2026\/08\/mercedes4.jpeg\" title=\"mercedes4\"  data-caption=\"\"  data-description=\"\">\r\n                                <img decoding=\"async\" src=\"https:\/\/www.rieles.com\/front\/wp-content\/uploads\/2026\/08\/mercedes4-631x420.jpeg\" srcset=\"https:\/\/www.rieles.com\/front\/wp-content\/uploads\/2026\/08\/mercedes4-631x420.jpeg 631w, https:\/\/www.rieles.com\/front\/wp-content\/uploads\/2026\/08\/mercedes4-300x200.jpeg 300w, https:\/\/www.rieles.com\/front\/wp-content\/uploads\/2026\/08\/mercedes4-768x512.jpeg 768w, https:\/\/www.rieles.com\/front\/wp-content\/uploads\/2026\/08\/mercedes4-150x100.jpeg 150w, https:\/\/www.rieles.com\/front\/wp-content\/uploads\/2026\/08\/mercedes4-696x464.jpeg 696w, https:\/\/www.rieles.com\/front\/wp-content\/uploads\/2026\/08\/mercedes4.jpeg 1024w\" sizes=\"(max-width: 631px) 100vw, 631px\" alt=\"\">\r\n                            <\/a>\r\n                            \r\n                        <\/figure>\r\n                    <\/div>\r\n                    <div class = \"td-slide-item td-item2\">\r\n                        <figure class=\"td-slide-galery-figure td-slide-popup-gallery\">\r\n                            <a class=\"slide-gallery-image-link\" href=\"https:\/\/www.rieles.com\/front\/wp-content\/uploads\/2026\/08\/daract-8.jpeg\" title=\"daract 8\"  data-caption=\"\"  data-description=\"\">\r\n                                <img decoding=\"async\" src=\"https:\/\/www.rieles.com\/front\/wp-content\/uploads\/2026\/08\/daract-8-747x420.jpeg\" srcset=\"https:\/\/www.rieles.com\/front\/wp-content\/uploads\/2026\/08\/daract-8-747x420.jpeg 747w, https:\/\/www.rieles.com\/front\/wp-content\/uploads\/2026\/08\/daract-8-300x169.jpeg 300w, https:\/\/www.rieles.com\/front\/wp-content\/uploads\/2026\/08\/daract-8-768x432.jpeg 768w, https:\/\/www.rieles.com\/front\/wp-content\/uploads\/2026\/08\/daract-8-150x84.jpeg 150w, https:\/\/www.rieles.com\/front\/wp-content\/uploads\/2026\/08\/daract-8-696x392.jpeg 696w, https:\/\/www.rieles.com\/front\/wp-content\/uploads\/2026\/08\/daract-8.jpeg 1024w\" sizes=\"(max-width: 747px) 100vw, 747px\" alt=\"\">\r\n                            <\/a>\r\n                            \r\n                        <\/figure>\r\n                    <\/div>\r\n                    <div class = \"td-slide-item td-item3\">\r\n                        <figure class=\"td-slide-galery-figure td-slide-popup-gallery\">\r\n                            <a class=\"slide-gallery-image-link\" href=\"https:\/\/www.rieles.com\/front\/wp-content\/uploads\/2026\/08\/mercedes5.jpeg\" title=\"mercedes5\"  data-caption=\"\"  data-description=\"\">\r\n                                <img decoding=\"async\" src=\"https:\/\/www.rieles.com\/front\/wp-content\/uploads\/2026\/08\/mercedes5-631x420.jpeg\" srcset=\"https:\/\/www.rieles.com\/front\/wp-content\/uploads\/2026\/08\/mercedes5-631x420.jpeg 631w, https:\/\/www.rieles.com\/front\/wp-content\/uploads\/2026\/08\/mercedes5-300x200.jpeg 300w, https:\/\/www.rieles.com\/front\/wp-content\/uploads\/2026\/08\/mercedes5-768x512.jpeg 768w, https:\/\/www.rieles.com\/front\/wp-content\/uploads\/2026\/08\/mercedes5-150x100.jpeg 150w, https:\/\/www.rieles.com\/front\/wp-content\/uploads\/2026\/08\/mercedes5-696x464.jpeg 696w, https:\/\/www.rieles.com\/front\/wp-content\/uploads\/2026\/08\/mercedes5.jpeg 1024w\" sizes=\"(max-width: 631px) 100vw, 631px\" alt=\"\">\r\n                            <\/a>\r\n                            \r\n                        <\/figure>\r\n                    <\/div>\r\n                            <\/div>\r\n                        <\/div>\r\n\r\n                        <div class = \"td-doubleSlider-2\">\r\n                            <div class = \"td-slider\">\r\n                                \r\n                    <div class = \"td-button td-item1\">\r\n                        <div class = \"td-border\"><\/div>\r\n                    <\/div>\r\n                    <div class = \"td-button td-item2\">\r\n                        <div class = \"td-border\"><\/div>\r\n                    <\/div>\r\n                    <div class = \"td-button td-item3\">\r\n                        <div class = \"td-border\"><\/div>\r\n                    <\/div>\r\n                            <\/div>\r\n                        <\/div>\r\n\r\n                    <\/div>\r\n\r\n                <\/div>\r\n                \n<p style=\"text-align: justify;\">El Domingo 30 de agosto tambien organizado por el Sindicato La Fraternidad se llevo adelante el festejo del d\u00eda de la Ni\u00f1ez en la Estacion Justo Daract, en donde los m\u00e1s peque\u00f1os juntos a la familias pudieron viajar en una formacion de pasajeros de Larga Distancia ademas de disfrutar una jornada llena de alegria y solidaridad. Cabe destacar que este trabajo se viene desarrollando hace muchos a\u00f1os el cual tiene como principal objetivo no perder la memoria ni nuestra historia ferroviaria.<\/p>\n<p><img loading=\"lazy\" decoding=\"async\" class=\"aligncenter wp-image-134888 size-full\" src=\"https:\/\/www.rieles.com\/front\/wp-content\/uploads\/2026\/08\/daract-4.jpeg\" alt=\"\" width=\"1024\" height=\"684\" srcset=\"https:\/\/www.rieles.com\/front\/wp-content\/uploads\/2026\/08\/daract-4.jpeg 1024w, https:\/\/www.rieles.com\/front\/wp-content\/uploads\/2026\/08\/daract-4-300x200.jpeg 300w, https:\/\/www.rieles.com\/front\/wp-content\/uploads\/2026\/08\/daract-4-768x513.jpeg 768w, https:\/\/www.rieles.com\/front\/wp-content\/uploads\/2026\/08\/daract-4-150x100.jpeg 150w, https:\/\/www.rieles.com\/front\/wp-content\/uploads\/2026\/08\/daract-4-696x465.jpeg 696w, https:\/\/www.rieles.com\/front\/wp-content\/uploads\/2026\/08\/daract-4-629x420.jpeg 629w\" sizes=\"auto, (max-width: 1024px) 100vw, 1024px\" \/><\/p>\n<p style=\"text-align: justify;\">Se destaca que en esta oportunidad las autoridades de la Provincia de San Luis han aportado la Locomotora La Puntana para el traslado de la formacion del Tren Museo hacia Villa Mercedes y como soporte en la traccion del tren especial en Justo Daract. Por otra parte el apoyo que se ha recibido por parte de la Empresa Ferrocarriles Argetinos SAU, la cual puso a disposici\u00f3n el Tren Museo Itinerante, Trenes Argentinos Operaciones la formaci\u00f3n para ser utilizada en la actividad en Justo Daract, Trenes Argentinos Cargas por brindar la coordinacion y la circulaci\u00f3n del citado Tren y a los gremios Uni\u00f3n Ferroviaria, UPSF y APDFA por su colaboracion plena en el desarrollo de las distintas actividades.<\/p>\n<p><img loading=\"lazy\" decoding=\"async\" class=\"aligncenter wp-image-134887 size-full\" src=\"https:\/\/www.rieles.com\/front\/wp-content\/uploads\/2026\/08\/daract-5.jpeg\" alt=\"\" width=\"1024\" height=\"684\" srcset=\"https:\/\/www.rieles.com\/front\/wp-content\/uploads\/2026\/08\/daract-5.jpeg 1024w, https:\/\/www.rieles.com\/front\/wp-content\/uploads\/2026\/08\/daract-5-300x200.jpeg 300w, https:\/\/www.rieles.com\/front\/wp-content\/uploads\/2026\/08\/daract-5-768x513.jpeg 768w, https:\/\/www.rieles.com\/front\/wp-content\/uploads\/2026\/08\/daract-5-150x100.jpeg 150w, https:\/\/www.rieles.com\/front\/wp-content\/uploads\/2026\/08\/daract-5-696x465.jpeg 696w, https:\/\/www.rieles.com\/front\/wp-content\/uploads\/2026\/08\/daract-5-629x420.jpeg 629w\" sizes=\"auto, (max-width: 1024px) 100vw, 1024px\" \/><\/p>\n<p><img loading=\"lazy\" decoding=\"async\" class=\"aligncenter wp-image-134889 size-full\" src=\"https:\/\/www.rieles.com\/front\/wp-content\/uploads\/2026\/08\/daract-3.jpeg\" alt=\"\" width=\"1024\" height=\"684\" srcset=\"https:\/\/www.rieles.com\/front\/wp-content\/uploads\/2026\/08\/daract-3.jpeg 1024w, https:\/\/www.rieles.com\/front\/wp-content\/uploads\/2026\/08\/daract-3-300x200.jpeg 300w, https:\/\/www.rieles.com\/front\/wp-content\/uploads\/2026\/08\/daract-3-768x513.jpeg 768w, https:\/\/www.rieles.com\/front\/wp-content\/uploads\/2026\/08\/daract-3-150x100.jpeg 150w, https:\/\/www.rieles.com\/front\/wp-content\/uploads\/2026\/08\/daract-3-696x465.jpeg 696w, https:\/\/www.rieles.com\/front\/wp-content\/uploads\/2026\/08\/daract-3-629x420.jpeg 629w\" sizes=\"auto, (max-width: 1024px) 100vw, 1024px\" \/><\/p>\n<p><img loading=\"lazy\" decoding=\"async\" class=\"aligncenter wp-image-134890 size-full\" src=\"https:\/\/www.rieles.com\/front\/wp-content\/uploads\/2026\/08\/daract-2.jpeg\" alt=\"\" width=\"1024\" height=\"684\" srcset=\"https:\/\/www.rieles.com\/front\/wp-content\/uploads\/2026\/08\/daract-2.jpeg 1024w, https:\/\/www.rieles.com\/front\/wp-content\/uploads\/2026\/08\/daract-2-300x200.jpeg 300w, https:\/\/www.rieles.com\/front\/wp-content\/uploads\/2026\/08\/daract-2-768x513.jpeg 768w, https:\/\/www.rieles.com\/front\/wp-content\/uploads\/2026\/08\/daract-2-150x100.jpeg 150w, https:\/\/www.rieles.com\/front\/wp-content\/uploads\/2026\/08\/daract-2-696x465.jpeg 696w, https:\/\/www.rieles.com\/front\/wp-content\/uploads\/2026\/08\/daract-2-629x420.jpeg 629w\" sizes=\"auto, (max-width: 1024px) 100vw, 1024px\" \/><\/p>\n<p><img loading=\"lazy\" decoding=\"async\" class=\"aligncenter wp-image-134885 \" src=\"https:\/\/www.rieles.com\/front\/wp-content\/uploads\/2026\/08\/daract-7.jpeg\" alt=\"\" width=\"692\" height=\"1230\" srcset=\"https:\/\/www.rieles.com\/front\/wp-content\/uploads\/2026\/08\/daract-7.jpeg 576w, https:\/\/www.rieles.com\/front\/wp-content\/uploads\/2026\/08\/daract-7-169x300.jpeg 169w, https:\/\/www.rieles.com\/front\/wp-content\/uploads\/2026\/08\/daract-7-150x267.jpeg 150w, https:\/\/www.rieles.com\/front\/wp-content\/uploads\/2026\/08\/daract-7-300x533.jpeg 300w, https:\/\/www.rieles.com\/front\/wp-content\/uploads\/2026\/08\/daract-7-236x420.jpeg 236w\" sizes=\"auto, (max-width: 692px) 100vw, 692px\" \/><\/p>\n<p><span style=\"color: #ff0000;\"><strong>Fuente: Agencia Rieles<\/strong><\/span><\/p>\n","protected":false},"excerpt":{"rendered":"<p>31\/08\/2026: Durante el pasado fin de semena, m\u00e1s precisamente los dias 29 y 30 de agosto las localidades de Villa Mercedes y Justo Daract fueron testigos de un momento historico. Con la coordinacion del Sindicato La Fraternidad, L\u00ednea San Martin y con un trabajo en conjunto llevado adelante con el Museo Ferroviario de Villa Mercedes [&hellip;]<\/p>\n","protected":false},"author":3,"featured_media":134891,"comment_status":"closed","ping_status":"open","sticky":false,"template":"","format":"standard","meta":{"footnotes":""},"categories":[4,9161],"tags":[10855,9105,9644],"class_list":["post-134884","post","type-post","status-publish","format-standard","has-post-thumbnail","category-nacionales","category-rielesagencia","tag-10855","tag-actualidad","tag-news"],"_links":{"self":[{"href":"https:\/\/www.rieles.com\/front\/wp-json\/wp\/v2\/posts\/134884","targetHints":{"allow":["GET"]}}],"collection":[{"href":"https:\/\/www.rieles.com\/front\/wp-json\/wp\/v2\/posts"}],"about":[{"href":"https:\/\/www.rieles.com\/front\/wp-json\/wp\/v2\/types\/post"}],"author":[{"embeddable":true,"href":"https:\/\/www.rieles.com\/front\/wp-json\/wp\/v2\/users\/3"}],"replies":[{"embeddable":true,"href":"https:\/\/www.rieles.com\/front\/wp-json\/wp\/v2\/comments?post=134884"}],"version-history":[{"count":3,"href":"https:\/\/www.rieles.com\/front\/wp-json\/wp\/v2\/posts\/134884\/revisions"}],"predecessor-version":[{"id":134900,"href":"https:\/\/www.rieles.com\/front\/wp-json\/wp\/v2\/posts\/134884\/revisions\/134900"}],"wp:featuredmedia":[{"embeddable":true,"href":"https:\/\/www.rieles.com\/front\/wp-json\/wp\/v2\/media\/134891"}],"wp:attachment":[{"href":"https:\/\/www.rieles.com\/front\/wp-json\/wp\/v2\/media?parent=134884"}],"wp:term":[{"taxonomy":"category","embeddable":true,"href":"https:\/\/www.rieles.com\/front\/wp-json\/wp\/v2\/categories?post=134884"},{"taxonomy":"post_tag","embeddable":true,"href":"https:\/\/www.rieles.com\/front\/wp-json\/wp\/v2\/tags?post=134884"}],"curies":[{"name":"wp","href":"https:\/\/api.w.org\/{rel}","templated":true}]}}