{"id":134905,"date":"2026-09-01T07:32:44","date_gmt":"2026-09-01T10:32:44","guid":{"rendered":"https:\/\/www.rieles.com\/front\/?p=134905"},"modified":"2026-09-01T07:35:04","modified_gmt":"2026-09-01T10:35:04","slug":"chequia-ceske-drahy-renueva-conduccion-amplia-una-flota-regional-y-completa-el-pedido-de-vectron","status":"publish","type":"post","link":"https:\/\/www.rieles.com\/front\/chequia-ceske-drahy-renueva-conduccion-amplia-una-flota-regional-y-completa-el-pedido-de-vectron\/","title":{"rendered":"Chequia: \u010cesk\u00e9 dr\u00e1hy renueva conducci\u00f3n, ampl\u00eda una flota regional y completa el pedido de Vectron"},"content":{"rendered":"<p style=\"text-align: justify;\"><span class=\"td_btn td_btn_md td_shadow_btn\">La operadora oficializ\u00f3 cambios en su direcci\u00f3n, incorporar\u00e1 m\u00e1s unidades para Liberec y recibi\u00f3 la \u00faltima locomotora del contrato firmado con Siemens Mobility.<\/span><\/p>\n<p style=\"text-align: justify;\">D\u00edas atareados los \u00faltimos para la operadora <strong>\u010cesk\u00e9 dr\u00e1hy (\u010cD),<\/strong> que culmin\u00f3 agosto con tres novedades relevantes para su operaci\u00f3n: el cambio de conducci\u00f3n en la empresa, la ampliaci\u00f3n del programa <strong>RegioSpider<\/strong> en la red Jizerskohorsk\u00e1 \u017eeleznice, y la recepci\u00f3n de la \u00faltima locomotora <strong>Vectron <\/strong>de un contrato con Siemens Mobility.<\/p>\n<h4>Nueva conducci\u00f3n<\/h4>\n<p style=\"text-align: justify;\">La empresa inform\u00f3 que <strong>Lenka<\/strong> <strong>Hamplov\u00e1<\/strong> asume la presidencia del directorio y la direcci\u00f3n general desde hoy, tras el acuerdo para la salida de <strong>Michal<\/strong> <strong>Krapinec<\/strong> a finales del mes pasado. Hamplov\u00e1 se desempe\u00f1aba como m\u00e1xima responsable de Econ\u00f3mica e Infraestructura del Ministerio de Transporte, y tambi\u00e9n integr\u00f3 instancias de supervisi\u00f3n y auditor\u00eda de la compa\u00f1\u00eda ferroviaria nacional.<\/p>\n<figure id=\"attachment_134906\" aria-describedby=\"caption-attachment-134906\" style=\"width: 1024px\" class=\"wp-caption alignnone\"><img loading=\"lazy\" decoding=\"async\" class=\"size-full wp-image-134906\" src=\"https:\/\/www.rieles.com\/front\/wp-content\/uploads\/2026\/09\/Lenka-Hamplova.jpg\" alt=\"\" width=\"1024\" height=\"884\" srcset=\"https:\/\/www.rieles.com\/front\/wp-content\/uploads\/2026\/09\/Lenka-Hamplova.jpg 1024w, https:\/\/www.rieles.com\/front\/wp-content\/uploads\/2026\/09\/Lenka-Hamplova-300x259.jpg 300w, https:\/\/www.rieles.com\/front\/wp-content\/uploads\/2026\/09\/Lenka-Hamplova-768x663.jpg 768w, https:\/\/www.rieles.com\/front\/wp-content\/uploads\/2026\/09\/Lenka-Hamplova-150x129.jpg 150w, https:\/\/www.rieles.com\/front\/wp-content\/uploads\/2026\/09\/Lenka-Hamplova-696x601.jpg 696w, https:\/\/www.rieles.com\/front\/wp-content\/uploads\/2026\/09\/Lenka-Hamplova-487x420.jpg 487w, https:\/\/www.rieles.com\/front\/wp-content\/uploads\/2026\/09\/Lenka-Hamplova-534x462.jpg 534w\" sizes=\"auto, (max-width: 1024px) 100vw, 1024px\" \/><figcaption id=\"caption-attachment-134906\" class=\"wp-caption-text\">La nueva directora de \u010cD Lenka Hamplov\u00e1. Credito al Ministerio de Transporte de Chequia.<\/figcaption><\/figure>\n<h4>Novedades para la regi\u00f3n de Liberec<\/h4>\n<p style=\"text-align: justify;\">En paralelo, la operadora y la Regi\u00f3n de Liberec avanzan con la segunda etapa de la modernizaci\u00f3n del Jizerskohorsk\u00e1 \u017eeleznice (Ferrocarril de los montes Jizera). El plan elevar\u00e1 de 22 a 24 el n\u00famero de unidades previstas a sumar hasta 2033, incorporar\u00e1 nueve veh\u00edculos adicionales de la serie 841.3, reemplazar\u00e1 composiciones <strong>Regionova<\/strong> reservadas para contingencias y extender\u00e1 el esquema de servicios a la l\u00ednea Tanvald \u2013 \u017delezn\u00fd Brod.\u00a0Los nuevos veh\u00edculos incorporan climatizaci\u00f3n, espacios de piso bajo, conectividad <strong>WiFi<\/strong>, sistemas audiovisuales y equipamiento para personas con movilidad reducida. Seg\u00fan los datos difundidos, durante el horario 2027 esta la red registrar\u00e1 1,7 millones de kil\u00f3metros recorridos al a\u00f1o y un promedio diario de 282 servicios. Cada nuevo automotor, conocidos como <strong>RegioSpider<\/strong>, dispone de 50 plazas fijas y asientos rebatibles adicionales para cuando aumenta el n\u00famero de <strong>pasajeros<\/strong>.<\/p>\n<figure id=\"attachment_134907\" aria-describedby=\"caption-attachment-134907\" style=\"width: 1024px\" class=\"wp-caption alignnone\"><img loading=\"lazy\" decoding=\"async\" class=\"size-full wp-image-134907\" src=\"https:\/\/www.rieles.com\/front\/wp-content\/uploads\/2026\/09\/Ferrocarril-Montes-Jizera-01.jpg\" alt=\"\" width=\"1024\" height=\"682\" srcset=\"https:\/\/www.rieles.com\/front\/wp-content\/uploads\/2026\/09\/Ferrocarril-Montes-Jizera-01.jpg 1024w, https:\/\/www.rieles.com\/front\/wp-content\/uploads\/2026\/09\/Ferrocarril-Montes-Jizera-01-300x200.jpg 300w, https:\/\/www.rieles.com\/front\/wp-content\/uploads\/2026\/09\/Ferrocarril-Montes-Jizera-01-768x512.jpg 768w, https:\/\/www.rieles.com\/front\/wp-content\/uploads\/2026\/09\/Ferrocarril-Montes-Jizera-01-150x100.jpg 150w, https:\/\/www.rieles.com\/front\/wp-content\/uploads\/2026\/09\/Ferrocarril-Montes-Jizera-01-696x464.jpg 696w, https:\/\/www.rieles.com\/front\/wp-content\/uploads\/2026\/09\/Ferrocarril-Montes-Jizera-01-631x420.jpg 631w\" sizes=\"auto, (max-width: 1024px) 100vw, 1024px\" \/><figcaption id=\"caption-attachment-134907\" class=\"wp-caption-text\">Una de las nuevas unidades del Ferrocarril de los Montes Jizera.<\/figcaption><\/figure>\n<h4>\u00daltima Vectron entregada<\/h4>\n<p style=\"text-align: justify;\">La tercera novedad fue la entrega de la locomotora n\u00famero 50 de la serie 384, fabricada por <strong>Siemens<\/strong> <strong>Mobility<\/strong>. Con ello, concluy\u00f3 el contrato firmado en 2022. Las m\u00e1quinas multisistema alcanzan 230 km\/h, desarrollan 6,4 MW y est\u00e1n preparadas para operar con <strong>ERTMS<\/strong>, adem\u00e1s de poder circular en Chequia, Eslovaquia, Alemania, Austria, Hungr\u00eda y Polonia. La empresa prev\u00e9 ampliar su utilizaci\u00f3n internacional.<\/p>\n<figure id=\"attachment_134908\" aria-describedby=\"caption-attachment-134908\" style=\"width: 1024px\" class=\"wp-caption alignnone\"><img loading=\"lazy\" decoding=\"async\" class=\"size-full wp-image-134908\" src=\"https:\/\/www.rieles.com\/front\/wp-content\/uploads\/2026\/09\/Entrega-Vectron-50-01.jpg\" alt=\"\" width=\"1024\" height=\"683\" srcset=\"https:\/\/www.rieles.com\/front\/wp-content\/uploads\/2026\/09\/Entrega-Vectron-50-01.jpg 1024w, https:\/\/www.rieles.com\/front\/wp-content\/uploads\/2026\/09\/Entrega-Vectron-50-01-300x200.jpg 300w, https:\/\/www.rieles.com\/front\/wp-content\/uploads\/2026\/09\/Entrega-Vectron-50-01-768x512.jpg 768w, https:\/\/www.rieles.com\/front\/wp-content\/uploads\/2026\/09\/Entrega-Vectron-50-01-150x100.jpg 150w, https:\/\/www.rieles.com\/front\/wp-content\/uploads\/2026\/09\/Entrega-Vectron-50-01-696x464.jpg 696w, https:\/\/www.rieles.com\/front\/wp-content\/uploads\/2026\/09\/Entrega-Vectron-50-01-630x420.jpg 630w\" sizes=\"auto, (max-width: 1024px) 100vw, 1024px\" \/><figcaption id=\"caption-attachment-134908\" class=\"wp-caption-text\">Acto de la entrega, de la que participaron representantes de Siemens Mobility Chequia.<\/figcaption><\/figure>\n<p style=\"text-align: justify;\"><em class=\"___11wyd0v f1j4dglz\" data-lexical-text=\"true\">Las im\u00e1genes de esta nota fueron facilitadas por la empresa, entidad y\/u organismo de gobierno involucrado. Las que pertenecen a particulares han sido acreditadas al pie de la foto.<\/em><\/p>\n","protected":false},"excerpt":{"rendered":"<p>La operadora oficializ\u00f3 cambios en su direcci\u00f3n, incorporar\u00e1 m\u00e1s unidades para Liberec y recibi\u00f3 la \u00faltima locomotora del contrato firmado con Siemens Mobility. D\u00edas atareados los \u00faltimos para la operadora \u010cesk\u00e9 dr\u00e1hy (\u010cD), que culmin\u00f3 agosto con tres novedades relevantes para su operaci\u00f3n: el cambio de conducci\u00f3n en la empresa, la ampliaci\u00f3n del programa RegioSpider [&hellip;]<\/p>\n","protected":false},"author":4,"featured_media":134909,"comment_status":"closed","ping_status":"open","sticky":false,"template":"","format":"standard","meta":{"footnotes":""},"categories":[13902],"tags":[10855,9105,14235,14234,14243,9644],"class_list":["post-134905","post","type-post","status-publish","format-standard","has-post-thumbnail","category-rieles-iberica","tag-10855","tag-actualidad","tag-ceske-drahy","tag-chequia","tag-lenka-hamplova","tag-news"],"_links":{"self":[{"href":"https:\/\/www.rieles.com\/front\/wp-json\/wp\/v2\/posts\/134905","targetHints":{"allow":["GET"]}}],"collection":[{"href":"https:\/\/www.rieles.com\/front\/wp-json\/wp\/v2\/posts"}],"about":[{"href":"https:\/\/www.rieles.com\/front\/wp-json\/wp\/v2\/types\/post"}],"author":[{"embeddable":true,"href":"https:\/\/www.rieles.com\/front\/wp-json\/wp\/v2\/users\/4"}],"replies":[{"embeddable":true,"href":"https:\/\/www.rieles.com\/front\/wp-json\/wp\/v2\/comments?post=134905"}],"version-history":[{"count":3,"href":"https:\/\/www.rieles.com\/front\/wp-json\/wp\/v2\/posts\/134905\/revisions"}],"predecessor-version":[{"id":134912,"href":"https:\/\/www.rieles.com\/front\/wp-json\/wp\/v2\/posts\/134905\/revisions\/134912"}],"wp:featuredmedia":[{"embeddable":true,"href":"https:\/\/www.rieles.com\/front\/wp-json\/wp\/v2\/media\/134909"}],"wp:attachment":[{"href":"https:\/\/www.rieles.com\/front\/wp-json\/wp\/v2\/media?parent=134905"}],"wp:term":[{"taxonomy":"category","embeddable":true,"href":"https:\/\/www.rieles.com\/front\/wp-json\/wp\/v2\/categories?post=134905"},{"taxonomy":"post_tag","embeddable":true,"href":"https:\/\/www.rieles.com\/front\/wp-json\/wp\/v2\/tags?post=134905"}],"curies":[{"name":"wp","href":"https:\/\/api.w.org\/{rel}","templated":true}]}}