{"id":134931,"date":"2026-09-04T04:35:56","date_gmt":"2026-09-04T07:35:56","guid":{"rendered":"https:\/\/www.rieles.com\/front\/?p=134931"},"modified":"2026-09-04T05:22:35","modified_gmt":"2026-09-04T08:22:35","slug":"dinamarca-dsb-recibe-la-primera-cabina-de-conduccion-de-talgo-para-sus-trenes-eurocity-internacionales","status":"publish","type":"post","link":"https:\/\/www.rieles.com\/front\/dinamarca-dsb-recibe-la-primera-cabina-de-conduccion-de-talgo-para-sus-trenes-eurocity-internacionales\/","title":{"rendered":"Dinamarca: DSB recibe la primera cabina de conducci\u00f3n de Talgo para sus trenes EuroCity internacionales"},"content":{"rendered":"<p style=\"text-align: justify;\"><span class=\"td_btn td_btn_md td_shadow_btn\">La nueva unidad se incorporar\u00e1 inicialmente para sumar plazas disponibles, mientras contin\u00faan las pruebas previas a la activaci\u00f3n de sus funciones de control previstas para 2028.<\/span><\/p>\n<p style=\"text-align: justify;\">La empresa ferroviaria danesa recibi\u00f3 el 2 de septiembre la primera <strong>cabina de conducci\u00f3n<\/strong> para sus coches <strong>EuroCity<\/strong> destinados a <strong>tr\u00e1fico internacional<\/strong>. El veh\u00edculo, incorporado por el programa EC, permitir\u00e1 aumentar la <strong>capacidad<\/strong> inmediata de las composiciones mientras avanzan las pruebas y preparativos operativos.<\/p>\n<p style=\"text-align: justify;\">Una cabina de conducci\u00f3n es un coche para <strong>pasajeros<\/strong> desde el que puede gobernarse el <strong>tren<\/strong>, evitando disponer de una <strong>locomotora<\/strong> en cada extremo. Tambi\u00e9n se lo conoce como sistema \u00abpush-pull\u00bb. Seg\u00fan explic\u00f3 Sidsel Thostrup H\u00f8gh, responsable del programa, el esquema reduce costes de explotaci\u00f3n y consumo energ\u00e9tico.<\/p>\n<p style=\"text-align: justify;\">La planificaci\u00f3n original contemplaba dos locomotoras el\u00e9ctricas porque el fabricante <strong>Talgo<\/strong> no ofrec\u00eda entonces este tipo de unidad. Tras la incorporaci\u00f3n del producto a su cat\u00e1logo, se realiz\u00f3 un pedido adicional que habilita una operaci\u00f3n m\u00e1s eficiente del <strong>material rodante<\/strong>.<\/p>\n<p><iframe loading=\"lazy\" title=\"Publicaci\u00f3n integrada\" src=\"https:\/\/www.linkedin.com\/embed\/feed\/update\/urn:li:ugcPost:7500470142934421504?compact=1\" width=\"800\" height=\"400\" frameborder=\"0\" allowfullscreen=\"allowfullscreen\"><span data-mce-type=\"bookmark\" style=\"display: inline-block; width: 0px; overflow: hidden; line-height: 0;\" class=\"mce_SELRES_start\">\ufeff<\/span><\/iframe><\/p>\n<p style=\"text-align: justify;\">La compa\u00f1\u00eda indic\u00f3 que adquiri\u00f3 ocho formaciones adicionales y 16 cabinas de conducci\u00f3n. \u201cEl pedido nos dar\u00e1 4.000 plazas\u201d, se\u00f1al\u00f3 H\u00f8gh. La funci\u00f3n de mando comenzar\u00eda a utilizarse durante 2028. El nuevo veh\u00edculo permitir\u00e1 incrementar la oferta de plazas de manera inmediata y servir\u00e1 para futuras operaciones con control del tren desde un extremo de la composici\u00f3n.<\/p>\n<p style=\"text-align: justify;\"><em class=\"___11wyd0v f1j4dglz\" data-lexical-text=\"true\">Las im\u00e1genes de esta nota fueron facilitadas por la empresa, entidad y\/u organismo de gobierno involucrado. Las que pertenecen a particulares han sido acreditadas al pie de la foto.<\/em><\/p>\n<p>&nbsp;<\/p>\n","protected":false},"excerpt":{"rendered":"<p>La nueva unidad se incorporar\u00e1 inicialmente para sumar plazas disponibles, mientras contin\u00faan las pruebas previas a la activaci\u00f3n de sus funciones de control previstas para 2028. La empresa ferroviaria danesa recibi\u00f3 el 2 de septiembre la primera cabina de conducci\u00f3n para sus coches EuroCity destinados a tr\u00e1fico internacional. El veh\u00edculo, incorporado por el programa EC, [&hellip;]<\/p>\n","protected":false},"author":4,"featured_media":134932,"comment_status":"closed","ping_status":"open","sticky":false,"template":"","format":"standard","meta":{"footnotes":""},"categories":[13902],"tags":[10855,9105,14244,13994,9644,13953],"class_list":["post-134931","post","type-post","status-publish","format-standard","has-post-thumbnail","category-rieles-iberica","tag-10855","tag-actualidad","tag-danske-statsbaner-dsb","tag-dinamarca","tag-news","tag-talgo"],"_links":{"self":[{"href":"https:\/\/www.rieles.com\/front\/wp-json\/wp\/v2\/posts\/134931","targetHints":{"allow":["GET"]}}],"collection":[{"href":"https:\/\/www.rieles.com\/front\/wp-json\/wp\/v2\/posts"}],"about":[{"href":"https:\/\/www.rieles.com\/front\/wp-json\/wp\/v2\/types\/post"}],"author":[{"embeddable":true,"href":"https:\/\/www.rieles.com\/front\/wp-json\/wp\/v2\/users\/4"}],"replies":[{"embeddable":true,"href":"https:\/\/www.rieles.com\/front\/wp-json\/wp\/v2\/comments?post=134931"}],"version-history":[{"count":2,"href":"https:\/\/www.rieles.com\/front\/wp-json\/wp\/v2\/posts\/134931\/revisions"}],"predecessor-version":[{"id":134934,"href":"https:\/\/www.rieles.com\/front\/wp-json\/wp\/v2\/posts\/134931\/revisions\/134934"}],"wp:featuredmedia":[{"embeddable":true,"href":"https:\/\/www.rieles.com\/front\/wp-json\/wp\/v2\/media\/134932"}],"wp:attachment":[{"href":"https:\/\/www.rieles.com\/front\/wp-json\/wp\/v2\/media?parent=134931"}],"wp:term":[{"taxonomy":"category","embeddable":true,"href":"https:\/\/www.rieles.com\/front\/wp-json\/wp\/v2\/categories?post=134931"},{"taxonomy":"post_tag","embeddable":true,"href":"https:\/\/www.rieles.com\/front\/wp-json\/wp\/v2\/tags?post=134931"}],"curies":[{"name":"wp","href":"https:\/\/api.w.org\/{rel}","templated":true}]}}