{"id":134935,"date":"2026-09-04T05:34:36","date_gmt":"2026-09-04T08:34:36","guid":{"rendered":"https:\/\/www.rieles.com\/front\/?p=134935"},"modified":"2026-09-03T15:45:55","modified_gmt":"2026-09-03T18:45:55","slug":"semana-europea-de-la-movilidad-renfe-abre-talleres-centros-ferroviarios-y-organiza-una-yincana","status":"publish","type":"post","link":"https:\/\/www.rieles.com\/front\/semana-europea-de-la-movilidad-renfe-abre-talleres-centros-ferroviarios-y-organiza-una-yincana\/","title":{"rendered":"Semana Europea de la Movilidad: Renfe abre talleres, centros ferroviarios y organiza una yincana"},"content":{"rendered":"<p style=\"text-align: justify;\"><span class=\"td_btn td_btn_md td_shadow_btn\">La operadora organizar\u00e1 visitas en Madrid, M\u00e1laga y Barcelona, adem\u00e1s de una yincana en la red de Cercan\u00edas Madrid, para acercar el funcionamiento del sistema ferroviario a los ciudadanos.<\/span><\/p>\n<p style=\"text-align: justify;\">La <strong>Renfe<\/strong> anunci\u00f3 que el 19 de septiembre organizar\u00e1 actividades en <strong>Madrid<\/strong>, <strong>M\u00e1laga<\/strong> y <strong>Barcelona<\/strong> como parte de la <strong>Semana<\/strong> Europea de la <strong>Movilidad<\/strong>. La propuesta incluye recorridos por instalaciones ferroviarias y una yincana en la red de <strong>Cercan\u00edas<\/strong> Madrid, dirigida a acercar el <strong>ferrocarril<\/strong> a la ciudadan\u00eda y mostrar c\u00f3mo funcionan espacios vinculados al <strong>mantenimiento<\/strong>, la formaci\u00f3n y la operaci\u00f3n del servicio ferroviario.<\/p>\n<p style=\"text-align: justify;\">La primera actividad convertir\u00e1 la red madrile\u00f1a en un recorrido por diez <strong>estaciones<\/strong> que deber\u00e1n completarse en el menor tiempo posible. El punto de partida ser\u00e1 Pr\u00edncipe P\u00edo a las 9:00, mientras que las paradas participantes se comunicar\u00e1n el d\u00eda anterior mediante canales oficiales. Habr\u00e1 premios para quienes logren la mejor clasificaci\u00f3n seg\u00fan estaciones validadas y tiempo empleado en prueba. Se pueden registrar a la actividad en este <a href=\"https:\/\/www.renfe.com\/es\/es\/cercanias\/cercanias-madrid\/yincana-semana-movilidad\">enlace<\/a>.<\/p>\n<p style=\"text-align: justify;\">El mismo d\u00eda se realizar\u00e1n jornadas de puertas abiertas en los complejos de <strong>alta<\/strong> <strong>velocidad<\/strong> de Fuencarral II y M\u00e1laga. Las visitas gratuitas se organizar\u00e1n en grupos de treinta personas con accesos cada media hora entre las 10:00 y las 13:00. Para visitar los talleres, la inscripci\u00f3n es en <a href=\"https:\/\/grupo.renfe.com\/es\/es\/sociedades\/ingenieria-y-mantenimiento\/general\/jornada-de-puertas-abiertas-2026\">este link<\/a>.<\/p>\n<p style=\"text-align: justify;\">En <strong>Barcelona<\/strong>, tambi\u00e9n podr\u00e1n visitarse el <strong>Centro<\/strong> de <strong>Formaci\u00f3n<\/strong> de maquinistas de L\u2019Hospitalet de Llobregat y el Centro de Informaci\u00f3n de Rodalies en Clot. All\u00ed se explicar\u00e1 el trabajo diario de los profesionales y su funci\u00f3n en la preparaci\u00f3n de personal y la gesti\u00f3n del servicio. Se debe hacer la inscripci\u00f3n previa <a href=\"https:\/\/www.barcelona.cat\/es\">aqu\u00ed<\/a>.<\/p>\n<p style=\"text-align: justify;\"><em class=\"___11wyd0v f1j4dglz\" data-lexical-text=\"true\">Las im\u00e1genes de esta nota fueron facilitadas por la empresa, entidad y\/u organismo de gobierno involucrado. Las que pertenecen a particulares han sido acreditadas al pie de la foto.<\/em><\/p>\n","protected":false},"excerpt":{"rendered":"<p>La operadora organizar\u00e1 visitas en Madrid, M\u00e1laga y Barcelona, adem\u00e1s de una yincana en la red de Cercan\u00edas Madrid, para acercar el funcionamiento del sistema ferroviario a los ciudadanos. La Renfe anunci\u00f3 que el 19 de septiembre organizar\u00e1 actividades en Madrid, M\u00e1laga y Barcelona como parte de la Semana Europea de la Movilidad. La propuesta [&hellip;]<\/p>\n","protected":false},"author":4,"featured_media":134936,"comment_status":"closed","ping_status":"open","sticky":false,"template":"","format":"standard","meta":{"footnotes":""},"categories":[13902],"tags":[10855,9105,9644,5727,14245],"class_list":["post-134935","post","type-post","status-publish","format-standard","has-post-thumbnail","category-rieles-iberica","tag-10855","tag-actualidad","tag-news","tag-renfe","tag-semana-europea-de-la-movilidad"],"_links":{"self":[{"href":"https:\/\/www.rieles.com\/front\/wp-json\/wp\/v2\/posts\/134935","targetHints":{"allow":["GET"]}}],"collection":[{"href":"https:\/\/www.rieles.com\/front\/wp-json\/wp\/v2\/posts"}],"about":[{"href":"https:\/\/www.rieles.com\/front\/wp-json\/wp\/v2\/types\/post"}],"author":[{"embeddable":true,"href":"https:\/\/www.rieles.com\/front\/wp-json\/wp\/v2\/users\/4"}],"replies":[{"embeddable":true,"href":"https:\/\/www.rieles.com\/front\/wp-json\/wp\/v2\/comments?post=134935"}],"version-history":[{"count":3,"href":"https:\/\/www.rieles.com\/front\/wp-json\/wp\/v2\/posts\/134935\/revisions"}],"predecessor-version":[{"id":134939,"href":"https:\/\/www.rieles.com\/front\/wp-json\/wp\/v2\/posts\/134935\/revisions\/134939"}],"wp:featuredmedia":[{"embeddable":true,"href":"https:\/\/www.rieles.com\/front\/wp-json\/wp\/v2\/media\/134936"}],"wp:attachment":[{"href":"https:\/\/www.rieles.com\/front\/wp-json\/wp\/v2\/media?parent=134935"}],"wp:term":[{"taxonomy":"category","embeddable":true,"href":"https:\/\/www.rieles.com\/front\/wp-json\/wp\/v2\/categories?post=134935"},{"taxonomy":"post_tag","embeddable":true,"href":"https:\/\/www.rieles.com\/front\/wp-json\/wp\/v2\/tags?post=134935"}],"curies":[{"name":"wp","href":"https:\/\/api.w.org\/{rel}","templated":true}]}}