{"id":24595,"date":"2015-06-12T14:18:59","date_gmt":"2015-06-12T17:18:59","guid":{"rendered":"http:\/\/www.rieles.com\/front\/?p=24595"},"modified":"2015-06-12T14:19:26","modified_gmt":"2015-06-12T17:19:26","slug":"temperley-el-choque-se-produce-por-una-cuestion-de-luces-y-senalizacion-dijo-la-abogada-del-maquinista","status":"publish","type":"post","link":"https:\/\/www.rieles.com\/front\/temperley-el-choque-se-produce-por-una-cuestion-de-luces-y-senalizacion-dijo-la-abogada-del-maquinista\/","title":{"rendered":"Temperley: \u00abEl choque se produce por una cuesti\u00f3n de luces y se\u00f1alizaci\u00f3n\u00bb, dijo la abogada del maquinista"},"content":{"rendered":"<p style=\"text-align: justify;\">Valeria Corbacho asegur\u00f3 que el cambio de funciones entre el ayudante y el maquinista del tren no influy\u00f3 en el accidente.<\/p>\n<p style=\"text-align: justify;\">La abogada del maquinista Diego S\u00e1nchez y su ayudante Nicol\u00e1s Navarro, acusados por el choque de trenes en Temperley, asegur\u00f3 que \u00abel accidente se produce por una cuesti\u00f3n de luces y se\u00f1alizaci\u00f3n\u00bb y no porque los ferroviarios hayan cambiado sus funciones en plena marcha.<\/p>\n<p style=\"text-align: justify;\">Corbacho justific\u00f3 que S\u00e1nchez y Navarro hayan intercambiado sus posiciones porque el ayudante deb\u00eda \u00abhacerse de la pr\u00e1ctica en la realidad del manejo\u00bb y resalt\u00f3 que esta forma de entrenamiento \u00abes el uso y costumbre de toda la vida del sistema ferroviario. La instrucci\u00f3n de pr\u00e1ctica de manejo no es suficiente al momento en el que tiene que rendir el examen\u00bb.<\/p>\n<p style=\"text-align: justify;\">Por otra parte, indic\u00f3 que los dos maquinistas no escucharon los pedidos para frenar. \u00abAdentro de la cabina la alerta , no se escucha. En la filmaci\u00f3n de la c\u00e1mara instalada en el interior de la cabina (se advierte que) no se escucha\u00bb, agreg\u00f3, respecto al video difundido por el Ministerio de Transporte.<\/p>\n<p style=\"text-align: justify;\">\u00abEl ayudante practica su direcci\u00f3n en el control de la m\u00e1quina\u00bb con pasajeros a bordo \u00abdesde \u00e9pocas inmemoriales\u00bb, asegur\u00f3 la abogada.<br \/>\n\u00abEst\u00e1n haciendo un mundo de un accidente que no fue una cuesti\u00f3n de impericia en el manejo. Es una cuesti\u00f3n de infracci\u00f3n reglamentaria. Ac\u00e1 es una cuesti\u00f3n de luces y se\u00f1alizaci\u00f3n, no se produjo el accidente porque manej\u00f3 bien o manej\u00f3 mal\u00bb, manifest\u00f3.<\/p>\n<p style=\"text-align: justify;\">PlayEl maquinista no conduc\u00eda el tren al momento del choque, seg\u00fan revel\u00f3 un video del interior de la cabinaEl maquinista no conduc\u00eda el tren al momento del choque, seg\u00fan revel\u00f3 un video del interior de la cabina<br \/>\nEn ese sentido, opin\u00f3 que \u00abel accidente se produce por una cuesti\u00f3n de se\u00f1alamiento y maniobra. Lo que hay que determinar ac\u00e1 es cu\u00e1ndo se prendi\u00f3 la luz roja y si antes estaba inmediatamente verde\u00bb.<\/p>\n<p>En tanto, se\u00f1al\u00f3 que el juez federal de Lomas de Zamora Alberto Santa Marina otorg\u00f3 la libertad a S\u00e1nchez y Navarro \u00abante un pedido de beneficio solicitado por la defensa\u00bb y porque \u00abentendi\u00f3 que por parte ellos no iba a haber peligro de fuga ni de entorpecimiento de la investigaci\u00f3n\u00bb.<\/p>\n<p>El maquinista y el ayudante, imputados por el incidente ferroviario que provoc\u00f3 41 heridos el domingo pasado, declararon que salieron de la estaci\u00f3n por orden del guarda Adri\u00e1n Maure, por lo que el magistrado orden\u00f3 su detenci\u00f3n.<\/p>\n<p><span style=\"color: #ff0000;\">TN<\/span><\/p>\n","protected":false},"excerpt":{"rendered":"<p>Valeria Corbacho asegur\u00f3 que el cambio de funciones entre el ayudante y el maquinista del tren no influy\u00f3 en el accidente. La abogada del maquinista Diego S\u00e1nchez y su ayudante Nicol\u00e1s Navarro, acusados por el choque de trenes en Temperley, asegur\u00f3 que \u00abel accidente se produce por una cuesti\u00f3n de luces y se\u00f1alizaci\u00f3n\u00bb y no [&hellip;]<\/p>\n","protected":false},"author":1,"featured_media":0,"comment_status":"open","ping_status":"open","sticky":false,"template":"","format":"standard","meta":{"footnotes":""},"categories":[4],"tags":[9105,11376,9644,11375],"class_list":["post-24595","post","type-post","status-publish","format-standard","category-nacionales","tag-actualidad","tag-dijo-la-abogada-del-maquinista","tag-news","tag-temperley-el-choque-se-produce-por-una-cuestion-de-luces-y-senalizacion"],"_links":{"self":[{"href":"https:\/\/www.rieles.com\/front\/wp-json\/wp\/v2\/posts\/24595","targetHints":{"allow":["GET"]}}],"collection":[{"href":"https:\/\/www.rieles.com\/front\/wp-json\/wp\/v2\/posts"}],"about":[{"href":"https:\/\/www.rieles.com\/front\/wp-json\/wp\/v2\/types\/post"}],"author":[{"embeddable":true,"href":"https:\/\/www.rieles.com\/front\/wp-json\/wp\/v2\/users\/1"}],"replies":[{"embeddable":true,"href":"https:\/\/www.rieles.com\/front\/wp-json\/wp\/v2\/comments?post=24595"}],"version-history":[{"count":2,"href":"https:\/\/www.rieles.com\/front\/wp-json\/wp\/v2\/posts\/24595\/revisions"}],"predecessor-version":[{"id":24598,"href":"https:\/\/www.rieles.com\/front\/wp-json\/wp\/v2\/posts\/24595\/revisions\/24598"}],"wp:attachment":[{"href":"https:\/\/www.rieles.com\/front\/wp-json\/wp\/v2\/media?parent=24595"}],"wp:term":[{"taxonomy":"category","embeddable":true,"href":"https:\/\/www.rieles.com\/front\/wp-json\/wp\/v2\/categories?post=24595"},{"taxonomy":"post_tag","embeddable":true,"href":"https:\/\/www.rieles.com\/front\/wp-json\/wp\/v2\/tags?post=24595"}],"curies":[{"name":"wp","href":"https:\/\/api.w.org\/{rel}","templated":true}]}}