{"id":24627,"date":"2015-06-15T12:39:43","date_gmt":"2015-06-15T15:39:43","guid":{"rendered":"http:\/\/www.rieles.com\/front\/?p=24627"},"modified":"2015-06-15T12:39:43","modified_gmt":"2015-06-15T15:39:43","slug":"espana-el-tram-de-alicante-desplazo-durante-el-mes-de-mayo-a-836-759-pasajeros","status":"publish","type":"post","link":"https:\/\/www.rieles.com\/front\/espana-el-tram-de-alicante-desplazo-durante-el-mes-de-mayo-a-836-759-pasajeros\/","title":{"rendered":"Espa\u00f1a: El TRAM de Alicante desplaz\u00f3 durante el mes de mayo a 836.759 pasajeros"},"content":{"rendered":"<p style=\"text-align: justify;\">TRAM Metropolitano registr\u00f3 durante el mes de mayo en las cinco l\u00edneas de tranv\u00eda, tren-TRAM y tren di\u00e9sel un total de 836.759 usuarios, lo que significa obtener una media de 26.992 clientes al d\u00eda.<\/p>\n<p style=\"text-align: justify;\">La L\u00ednea 2 que une Luceros y San Vicente del Raspeig sigue siendo la m\u00e1s utilizada con 321.742 usuarios. A continuaci\u00f3n se sit\u00faa el tren-TRAM de la L\u00ednea 1 (Luceros-Benidorm) con 175.363 usuarios; seguida por el tranv\u00eda de la L\u00ednea 3 (Luceros-El Campello) con 167.451 viajeros; el tranv\u00eda de la L\u00ednea 4 (Luceros-Plaza La Coru\u00f1a) con 111.038 pasajeros y, por \u00faltimo, el tren convencional de la L\u00ednea 9 (Benidorm-Denia), con 61.165 clientes.<\/p>\n<p style=\"text-align: justify;\">Luceros, la estaci\u00f3n m\u00e1s transitada<\/p>\n<p style=\"text-align: justify;\">En el tr\u00e1fico por estaciones, Luceros, una vez m\u00e1s, ha liderado el ranking con 132.054 viajeros. La sigue Mercado, con 80.085, y en tercera posici\u00f3n MARQ, con 32.094. En la cuarta posici\u00f3n se sit\u00faa Benidorm, que ha registrado 22.313 movimientos. En quinto lugar se encuentra la estaci\u00f3n de Creueta que registr\u00f3 4.535 usuarios durante el pasado mes.<\/p>\n<p style=\"text-align: justify;\">Al existir la posibilidad de comprar y validar los t\u00edtulos de transportes en el interior de las unidades del tranv\u00eda, tren-TRAM y tren convencional, las ventas y validaciones de t\u00edtulos de transporte en ruta se concretaron en 553.115 viajes.<\/p>\n<p style=\"text-align: justify;\">\n<p style=\"text-align: justify;\"><span style=\"color: #ff0000;\"><a style=\"color: #ff0000;\" href=\"http:\/\/www.elperiodic.com\/palicante\/noticias\/380557_tram-alicante-desplazo-durante-mayo-836759-pasajeros.html\" target=\"_blank\">El Peri\u00f3dico.com<\/a><\/span><\/p>\n","protected":false},"excerpt":{"rendered":"<p>TRAM Metropolitano registr\u00f3 durante el mes de mayo en las cinco l\u00edneas de tranv\u00eda, tren-TRAM y tren di\u00e9sel un total de 836.759 usuarios, lo que significa obtener una media de 26.992 clientes al d\u00eda. La L\u00ednea 2 que une Luceros y San Vicente del Raspeig sigue siendo la m\u00e1s utilizada con 321.742 usuarios. A continuaci\u00f3n [&hellip;]<\/p>\n","protected":false},"author":1,"featured_media":0,"comment_status":"open","ping_status":"open","sticky":false,"template":"","format":"standard","meta":{"footnotes":""},"categories":[5],"tags":[11387,9644],"class_list":{"0":"post-24627","1":"post","2":"type-post","3":"status-publish","4":"format-standard","7":"tag-espana-el-tram-de-alicante-desplazo-durante-el-mes-de-mayo-a-836-759-pasajeros","8":"tag-news"},"_links":{"self":[{"href":"https:\/\/www.rieles.com\/front\/wp-json\/wp\/v2\/posts\/24627","targetHints":{"allow":["GET"]}}],"collection":[{"href":"https:\/\/www.rieles.com\/front\/wp-json\/wp\/v2\/posts"}],"about":[{"href":"https:\/\/www.rieles.com\/front\/wp-json\/wp\/v2\/types\/post"}],"author":[{"embeddable":true,"href":"https:\/\/www.rieles.com\/front\/wp-json\/wp\/v2\/users\/1"}],"replies":[{"embeddable":true,"href":"https:\/\/www.rieles.com\/front\/wp-json\/wp\/v2\/comments?post=24627"}],"version-history":[{"count":1,"href":"https:\/\/www.rieles.com\/front\/wp-json\/wp\/v2\/posts\/24627\/revisions"}],"predecessor-version":[{"id":24629,"href":"https:\/\/www.rieles.com\/front\/wp-json\/wp\/v2\/posts\/24627\/revisions\/24629"}],"wp:attachment":[{"href":"https:\/\/www.rieles.com\/front\/wp-json\/wp\/v2\/media?parent=24627"}],"wp:term":[{"taxonomy":"category","embeddable":true,"href":"https:\/\/www.rieles.com\/front\/wp-json\/wp\/v2\/categories?post=24627"},{"taxonomy":"post_tag","embeddable":true,"href":"https:\/\/www.rieles.com\/front\/wp-json\/wp\/v2\/tags?post=24627"}],"curies":[{"name":"wp","href":"https:\/\/api.w.org\/{rel}","templated":true}]}}