{"id":25392,"date":"2015-07-01T13:42:16","date_gmt":"2015-07-01T16:42:16","guid":{"rendered":"http:\/\/www.rieles.com\/front\/?p=25392"},"modified":"2015-07-01T14:35:48","modified_gmt":"2015-07-01T17:35:48","slug":"el-tren-ya-esta-en-camino","status":"publish","type":"post","link":"https:\/\/www.rieles.com\/front\/el-tren-ya-esta-en-camino\/","title":{"rendered":"El tren ya est\u00e1 en camino"},"content":{"rendered":"<p>Se trata de la m\u00e1quina cero kil\u00f3metro. Sali\u00f3 desde C\u00f3rdoba y ya fue acondicionado con el sistema SUBE.<\/p>\n<p>El coche Motor Materfer CM 2504 sali\u00f3 de C\u00f3rdoba rumbo a Neuqu\u00e9n y llegar\u00eda esta semana.<\/p>\n<p>As\u00ed lo confirm\u00f3 Juan Carlos Gonz\u00e1lez del sitio \u201cEl reportero ferroviario\u201d quien fotografi\u00f3 a la flamante m\u00e1quina cuando lleg\u00f3 a Capital Federal.<br \/>\nEn di\u00e1logo con \u00abRio Negro\u00bb asegur\u00f3 que fue acondicionado con el sistema SUBE y que se protegieron las ventanas, luego de que se rompiera el vidrio de una de ellas.<\/p>\n<p>\u00abEl Traslado se efectu\u00f3 desde Victoria a Empalme Norte Puerto de la Administraci\u00f3n General de Puertos en su primera etapa, una vez all\u00ed fue desacoplado de las locomotoras del Ferrocarril Mitre y all\u00ed se encontraba esperando una locomotora GM GT22 de la empresa Ferrosur Roca para ser trasladado al patio de Km.5 en Gerli\u00bb, se\u00f1al\u00f3 Gonz\u00e1lez en su sitio.<br \/>\nY agreg\u00f3: \u00abUna vez arribada a ese lugar ser\u00eda acoplada a un carguero con destino a Olavarr\u00eda, Bah\u00eda Blanca y con destino final en Neuqu\u00e9n, saliendo a primera hora de esta madrugada\u00bb.<\/p>\n<p>El 20 de julio comenzar\u00eda a funcionar el servicio y los primeros pasajeros se subir\u00e1n en la ciudad rionegrina.<\/p>\n<p><span style=\"color: #ff0000;\">R\u00edo Negro<\/span><\/p>\n","protected":false},"excerpt":{"rendered":"<p>Se trata de la m\u00e1quina cero kil\u00f3metro. Sali\u00f3 desde C\u00f3rdoba y ya fue acondicionado con el sistema SUBE. El coche Motor Materfer CM 2504 sali\u00f3 de C\u00f3rdoba rumbo a Neuqu\u00e9n y llegar\u00eda esta semana. As\u00ed lo confirm\u00f3 Juan Carlos Gonz\u00e1lez del sitio \u201cEl reportero ferroviario\u201d quien fotografi\u00f3 a la flamante m\u00e1quina cuando lleg\u00f3 a Capital [&hellip;]<\/p>\n","protected":false},"author":1,"featured_media":0,"comment_status":"open","ping_status":"open","sticky":false,"template":"","format":"standard","meta":{"footnotes":""},"categories":[4],"tags":[11623,9644],"class_list":{"0":"post-25392","1":"post","2":"type-post","3":"status-publish","4":"format-standard","6":"category-nacionales","7":"tag-el-tren-ya-esta-en-camino","8":"tag-news"},"_links":{"self":[{"href":"https:\/\/www.rieles.com\/front\/wp-json\/wp\/v2\/posts\/25392","targetHints":{"allow":["GET"]}}],"collection":[{"href":"https:\/\/www.rieles.com\/front\/wp-json\/wp\/v2\/posts"}],"about":[{"href":"https:\/\/www.rieles.com\/front\/wp-json\/wp\/v2\/types\/post"}],"author":[{"embeddable":true,"href":"https:\/\/www.rieles.com\/front\/wp-json\/wp\/v2\/users\/1"}],"replies":[{"embeddable":true,"href":"https:\/\/www.rieles.com\/front\/wp-json\/wp\/v2\/comments?post=25392"}],"version-history":[{"count":2,"href":"https:\/\/www.rieles.com\/front\/wp-json\/wp\/v2\/posts\/25392\/revisions"}],"predecessor-version":[{"id":25395,"href":"https:\/\/www.rieles.com\/front\/wp-json\/wp\/v2\/posts\/25392\/revisions\/25395"}],"wp:attachment":[{"href":"https:\/\/www.rieles.com\/front\/wp-json\/wp\/v2\/media?parent=25392"}],"wp:term":[{"taxonomy":"category","embeddable":true,"href":"https:\/\/www.rieles.com\/front\/wp-json\/wp\/v2\/categories?post=25392"},{"taxonomy":"post_tag","embeddable":true,"href":"https:\/\/www.rieles.com\/front\/wp-json\/wp\/v2\/tags?post=25392"}],"curies":[{"name":"wp","href":"https:\/\/api.w.org\/{rel}","templated":true}]}}