{"id":28097,"date":"2015-09-01T13:17:23","date_gmt":"2015-09-01T16:17:23","guid":{"rendered":"http:\/\/www.rieles.com\/front\/?p=28097"},"modified":"2015-09-01T13:17:23","modified_gmt":"2015-09-01T16:17:23","slug":"bolivia-gobernador-y-choferes-se-reunen-por-plan-de-tren","status":"publish","type":"post","link":"https:\/\/www.rieles.com\/front\/bolivia-gobernador-y-choferes-se-reunen-por-plan-de-tren\/","title":{"rendered":"Bolivia: Gobernador y choferes se re\u00fanen por plan de tren"},"content":{"rendered":"<p>El gobernador, Iv\u00e1n Canelas, y los dirigentes de la Federaci\u00f3n del Autotransporte de Cochabamba acordaron reunirse hoy a las 12:30 para analizar el rechazo de los choferes al proyecto del tren metropolitano para siete municipios, inform\u00f3 el representante del transporte, Jos\u00e9 Orellana. Sin embargo, a\u00fan se mantiene el anunci\u00f3 de un paro movilizado para el mi\u00e9rcoles.<\/p>\n<p>El Gobernador manifest\u00f3 que tratar\u00e1 de garantizar la presencia del ministro de Obras P\u00fablica, Milton Claros. Orellana asegur\u00f3 que acudir\u00e1n al di\u00e1logo.<\/p>\n<p>Por otro lado, el secretario de Planificaci\u00f3n de la Gobernaci\u00f3n, Filem\u00f3n Iriarte, inform\u00f3 que el Plan Maestro de Movilidad Urbana de la Regi\u00f3n Metropolitano es una prioridad y un mandato que no puede ser paralizado. Solicit\u00f3 al transporte sumarse al plan.<\/p>\n<p>Explic\u00f3 que el tren metropolitano es un proyecto nacional que busca dar soluci\u00f3n al congestionamiento vehicular y a la contaminaci\u00f3n del medio ambiente, que es llevado adelante por el Ministerio de Obras P\u00fablicas. Asegur\u00f3 que actualmente el Ministerio est\u00e1 en la etapa de calificaci\u00f3n de propuestas y el proyecto demandar\u00e1 una inversi\u00f3n de 450 millones de bolivianos y su implementaci\u00f3n demorar\u00e1 unos tres a\u00f1os.<\/p>\n<p>\u201cEsta oportunidad debemos aprovecharla porque es una necesidad, todav\u00eda no se conoce ni el dise\u00f1o, pero los transportistas en vez de movilizarse deben integrarse. Para que el efecto no sea tan directo para ellos, se podr\u00eda crear una empresa mixta donde ellos tengan participaci\u00f3n\u201d, dijo.<\/p>\n<p>El secretario general de la Alcald\u00eda, Ricardo Pol, lament\u00f3 que el transporte asuma esta medida de presi\u00f3n y asegur\u00f3 que como municipio de la Regi\u00f3n Metropolitana est\u00e1n abocados a acompa\u00f1ar el proyecto de tren metropolitano. Respecto a la propuesta de llajtabus para el municipio, indic\u00f3: \u201cPrimero estamos viendo lo que puede establecerse con el tren y en funci\u00f3n a eso veremos si se requiere m\u00e1s unidades de transporte masivo\u201d.<\/p>\n<p>El concejal Iv\u00e1n Teller\u00eda inform\u00f3 que el transporte asume esa medida porque est\u00e1n preocupados por sus fuentes laborales.<\/p>\n<p style=\"text-align: justify;\"><span style=\"color: #ff0000;\">Los Tiempos<\/span><\/p>\n","protected":false},"excerpt":{"rendered":"<p>El gobernador, Iv\u00e1n Canelas, y los dirigentes de la Federaci\u00f3n del Autotransporte de Cochabamba acordaron reunirse hoy a las 12:30 para analizar el rechazo de los choferes al proyecto del tren metropolitano para siete municipios, inform\u00f3 el representante del transporte, Jos\u00e9 Orellana. Sin embargo, a\u00fan se mantiene el anunci\u00f3 de un paro movilizado para el [&hellip;]<\/p>\n","protected":false},"author":1,"featured_media":0,"comment_status":"open","ping_status":"open","sticky":false,"template":"","format":"standard","meta":{"footnotes":""},"categories":[5,2],"tags":[9644],"class_list":{"0":"post-28097","1":"post","2":"type-post","3":"status-publish","4":"format-standard","6":"category-internacionales","7":"category-noticias","8":"tag-news"},"_links":{"self":[{"href":"https:\/\/www.rieles.com\/front\/wp-json\/wp\/v2\/posts\/28097","targetHints":{"allow":["GET"]}}],"collection":[{"href":"https:\/\/www.rieles.com\/front\/wp-json\/wp\/v2\/posts"}],"about":[{"href":"https:\/\/www.rieles.com\/front\/wp-json\/wp\/v2\/types\/post"}],"author":[{"embeddable":true,"href":"https:\/\/www.rieles.com\/front\/wp-json\/wp\/v2\/users\/1"}],"replies":[{"embeddable":true,"href":"https:\/\/www.rieles.com\/front\/wp-json\/wp\/v2\/comments?post=28097"}],"version-history":[{"count":1,"href":"https:\/\/www.rieles.com\/front\/wp-json\/wp\/v2\/posts\/28097\/revisions"}],"predecessor-version":[{"id":28099,"href":"https:\/\/www.rieles.com\/front\/wp-json\/wp\/v2\/posts\/28097\/revisions\/28099"}],"wp:attachment":[{"href":"https:\/\/www.rieles.com\/front\/wp-json\/wp\/v2\/media?parent=28097"}],"wp:term":[{"taxonomy":"category","embeddable":true,"href":"https:\/\/www.rieles.com\/front\/wp-json\/wp\/v2\/categories?post=28097"},{"taxonomy":"post_tag","embeddable":true,"href":"https:\/\/www.rieles.com\/front\/wp-json\/wp\/v2\/tags?post=28097"}],"curies":[{"name":"wp","href":"https:\/\/api.w.org\/{rel}","templated":true}]}}