{"id":28327,"date":"2015-09-04T13:46:41","date_gmt":"2015-09-04T16:46:41","guid":{"rendered":"http:\/\/www.rieles.com\/front\/?p=28327"},"modified":"2015-09-04T13:47:06","modified_gmt":"2015-09-04T16:47:06","slug":"capacidad-colmada-en-el-tren-sanitario","status":"publish","type":"post","link":"https:\/\/www.rieles.com\/front\/capacidad-colmada-en-el-tren-sanitario\/","title":{"rendered":"Capacidad colmada en el tren sanitario"},"content":{"rendered":"<p>Cientos de personas de varias localidades del sur de la provincia fueron atendidas en el Tren Sanitario Eva Per\u00f3n, que se encuentra de visita en Rosario de la Frontera. La concurrencia de la gente fue masiva.<\/p>\n<p>\u00abLa cantidad de gente sobrepas\u00f3 nuestras expectativas. El primer d\u00eda vinieron muchas personas y pensamos que la cantidad de pacientes mermar\u00eda durante la semana, pero sucedi\u00f3 todo lo contrario. Los turnos se agotaron todos los d\u00edas y dimos prioridad a las personas con discapacidad\u00bb, explic\u00f3 a El Tribuno Nora Pereyra, coordinadora local del tren sanitario.<br \/>\nEntre los pacientes, figuraron numerosos personas provenientes de zonas rurales de la regi\u00f3n y de localidades vecinas.<\/p>\n<p>El tren permanecer\u00e1 hasta ma\u00f1ana en la Ciudad Termal luego de estar casi una semana. Lleva adelante una estrategia sanitaria para reformar la asistencia sanitaria a las comunidades del ramal salte\u00f1o.<\/p>\n<p>Nora Pereyra resalt\u00f3 a su vez el extraordinario recibimiento y la atenci\u00f3n que tuvo la comunidad en general, tanto de los vecinos como de las autoridades locales, con los profesionales m\u00e9dicos y el personal del tren.<\/p>\n<p>\u00abAgradecemos todo el recibimiento de la gente. Era una deuda que ten\u00eda el Estado nacional con el norte argentino y hoy se est\u00e1 saldando\u00bb, acot\u00f3.<\/p>\n<p>Atenci\u00f3n integral<\/p>\n<p>El tren tiene 100 metros de largo y est\u00e1 dividido en 8 vagones. Depende del Ministerio de Desarrollo Social de la Naci\u00f3n y cuenta con un equipo de 50 personas entre profesionales, personal de mantenimiento y de log\u00edstica.<\/p>\n<p>Ofrece consultas en Odontolog\u00eda, Ginecolog\u00eda, Cl\u00ednica M\u00e9dica, Pediatr\u00eda y Oftalmolog\u00eda.<\/p>\n<p>Pero este a\u00f1o se anexaron otros servicios relacionados con seguridad social y recreaci\u00f3n.<\/p>\n<p>\u00abEn esta oportunidad se agregaron m\u00e1s vagones a la formaci\u00f3n, referidos a diversas pol\u00edticas p\u00fablicas y espacios de recreaci\u00f3n, como la Biblioteca Nacional y el INCA, entre otros\u00bb, manifest\u00f3 Pereyra.<\/p>\n<p>La funcionara adelant\u00f3 que el tren sanitario continuar\u00e1 recorriendo distintas localidades del pa\u00eds.<\/p>\n<p>Como hace 30 a\u00f1os<\/p>\n<p>El tren sanitario fue creado en 1946 por Ram\u00f3n Carillo y Eva Per\u00f3n, con el objeto de hacer accesible las pol\u00edticas de Estado en todo el pa\u00eds, especialmente en aquellas localidades, pueblos y parajes m\u00e1s aislados del pa\u00eds, tanto social como geogr\u00e1ficamente.<\/p>\n<p>Luego de d\u00e9cadas de abandono, el Gobierno nacional lo reconstruy\u00f3 y lo renov\u00f3. Los viajes se reanudaron en 2003.<br \/>\nUn trabajo conjunto entre Naci\u00f3n y municipios<br \/>\nEn los pr\u00f3ximos tres meses se realizar\u00e1 una evaluaci\u00f3n sobre los resultados de la gesti\u00f3n que llev\u00f3 adelante el tren sanitario en la ciudad de Rosario de la Frontera.<br \/>\n\u00abEstaremos entregando los resultados al futuro intendente de la ciudad de Rosario de la Frontera. Por ello, seguramente reprogramaremos una nueva visita\u00bb, inform\u00f3 la coordinadora del tren sanitario.<\/p>\n<p>Con respecto a este tema, Pereira se reuni\u00f3 recientemente con Gustavo Sol\u00eds, el jefe comunal electo de la Ciudad Termal, para disponer futuras l\u00edneas de trabajo en conjunto en beneficio de la comunidad rosarina y tambi\u00e9n aleda\u00f1a.<\/p>\n<p>En la reuni\u00f3n, Pereyra explic\u00f3 los alcances del trabajo que el tren sanitario viene desarrollando desde hace tiempo en distintas localidades del norte argentino.<\/p>\n<p>Con respecto a la visita de la formaci\u00f3n, Gustavo Sol\u00eds se\u00f1al\u00f3: \u00abLa ciudad tendr\u00e1 las puertas abiertas para trabajar en conjunto a partir del 10 de diciembre pr\u00f3ximo\u00bb.<\/p>\n<p>Incluso agreg\u00f3 que hay posibilidades de planificar una nueva visita del tren a Rosario de la Frontera, para lo cual pondr\u00e1n a disposici\u00f3n personal comunal y recursos locales para llevar adelante la atenci\u00f3n a la gente.<\/p>\n<p>\u00abMe interioric\u00e9 sobre el funcionamiento del tren. Llevan adelante pol\u00edticas sociales muy buenas en beneficio de la comunidad. Ser\u00eda muy positivo continuar con estas alternativas de trabajo conjunto entre Naci\u00f3n, Provincia y Municipalidad\u00bb, dijo Sol\u00eds.<\/p>\n<p>No obstante, destac\u00f3 que el objetivo es llevar adelante una pol\u00edtica p\u00fablica para resolver el problema de ra\u00edz. \u00abNo basta solo con asistencialismo, como ocurre actualmente en Rosario de la Frontera, porque se pretende tapar el sol con una mano. Hay que buscar soluciones definitivas\u00bb, dijo el intendente electo.<\/p>\n<p style=\"text-align: justify;\"><span style=\"color: #ff0000;\">El Tribuno<\/span><\/p>\n","protected":false},"excerpt":{"rendered":"<p>Cientos de personas de varias localidades del sur de la provincia fueron atendidas en el Tren Sanitario Eva Per\u00f3n, que se encuentra de visita en Rosario de la Frontera. La concurrencia de la gente fue masiva. \u00abLa cantidad de gente sobrepas\u00f3 nuestras expectativas. El primer d\u00eda vinieron muchas personas y pensamos que la cantidad de [&hellip;]<\/p>\n","protected":false},"author":1,"featured_media":0,"comment_status":"open","ping_status":"open","sticky":false,"template":"","format":"standard","meta":{"footnotes":""},"categories":[4,2],"tags":[9105,9644],"class_list":["post-28327","post","type-post","status-publish","format-standard","category-nacionales","category-noticias","tag-actualidad","tag-news"],"_links":{"self":[{"href":"https:\/\/www.rieles.com\/front\/wp-json\/wp\/v2\/posts\/28327","targetHints":{"allow":["GET"]}}],"collection":[{"href":"https:\/\/www.rieles.com\/front\/wp-json\/wp\/v2\/posts"}],"about":[{"href":"https:\/\/www.rieles.com\/front\/wp-json\/wp\/v2\/types\/post"}],"author":[{"embeddable":true,"href":"https:\/\/www.rieles.com\/front\/wp-json\/wp\/v2\/users\/1"}],"replies":[{"embeddable":true,"href":"https:\/\/www.rieles.com\/front\/wp-json\/wp\/v2\/comments?post=28327"}],"version-history":[{"count":1,"href":"https:\/\/www.rieles.com\/front\/wp-json\/wp\/v2\/posts\/28327\/revisions"}],"predecessor-version":[{"id":28328,"href":"https:\/\/www.rieles.com\/front\/wp-json\/wp\/v2\/posts\/28327\/revisions\/28328"}],"wp:attachment":[{"href":"https:\/\/www.rieles.com\/front\/wp-json\/wp\/v2\/media?parent=28327"}],"wp:term":[{"taxonomy":"category","embeddable":true,"href":"https:\/\/www.rieles.com\/front\/wp-json\/wp\/v2\/categories?post=28327"},{"taxonomy":"post_tag","embeddable":true,"href":"https:\/\/www.rieles.com\/front\/wp-json\/wp\/v2\/tags?post=28327"}],"curies":[{"name":"wp","href":"https:\/\/api.w.org\/{rel}","templated":true}]}}