{"id":29491,"date":"2015-09-29T15:40:09","date_gmt":"2015-09-29T18:40:09","guid":{"rendered":"http:\/\/www.rieles.com\/front\/?p=29491"},"modified":"2015-09-29T15:40:09","modified_gmt":"2015-09-29T18:40:09","slug":"cambio-de-lugar-para-las-actividades-de-ferrobaires","status":"publish","type":"post","link":"https:\/\/www.rieles.com\/front\/cambio-de-lugar-para-las-actividades-de-ferrobaires\/","title":{"rendered":"Cambio de lugar para las actividades de Ferrobaires"},"content":{"rendered":"<p>De acuerdo a lo informado por la coordinaci\u00f3n de eventos de la Unidad Ejecutora del Programa Ferroviario Provincial \u201cFerrobaires\u201d, ha sido cambiado el espacio f\u00edsico donde se llevar\u00e1n a cabo las actividades a realizarse el d\u00eda 30 de septiembre.<\/p>\n<p>Dichas actividades fueron informadas en nuestro news del d\u00eda de ayer, y el nuevo lugar a desarrollarse ser\u00e1 en el Centro Interactivo de Ciencia y Tecnolog\u00eda \u2013 CICyT. El mismo est\u00e1 ubicado en\u00a0 Avenida Hip\u00f3lito Yrigoyen N\u00ba 5.682, de Remedios de Escalada (Partido de Lan\u00fas), Provincia de Buenos Aires. (Con estacionamiento de automotores propio).<\/p>\n<p>Primera Actividad: a partir de las 17 hs.<\/p>\n<p>Es un encuentro de inter\u00e9s empresarial que est\u00e1 vinculado al transporte ferroviario y multimodal a nivel nacional.<\/p>\n<p>Participaran m\u00e1s de 20 empresarios interesados en pol\u00edtica de desarrollo industrial y log\u00edstica ferroviaria a nivel nacional.<\/p>\n<p>Segunda Actividad: a partir de las 18 hs.<\/p>\n<p>Tratar\u00e1 sobre la estrategia de gesti\u00f3n ferroviaria y multimodal a nivel nacional.<\/p>\n<p>Participaran trabajadores ferroviarios, representantes y delegados sindicales, estudiantes y docentes, profesionales y t\u00e9cnicos relacionados con el transporte en sus distintos modos.-<\/p>\n<p><span style=\"color: #ff0000;\">Agencia Rieles<\/span><\/p>\n","protected":false},"excerpt":{"rendered":"<p>De acuerdo a lo informado por la coordinaci\u00f3n de eventos de la Unidad Ejecutora del Programa Ferroviario Provincial \u201cFerrobaires\u201d, ha sido cambiado el espacio f\u00edsico donde se llevar\u00e1n a cabo las actividades a realizarse el d\u00eda 30 de septiembre. Dichas actividades fueron informadas en nuestro news del d\u00eda de ayer, y el nuevo lugar a [&hellip;]<\/p>\n","protected":false},"author":1,"featured_media":0,"comment_status":"open","ping_status":"open","sticky":false,"template":"","format":"standard","meta":{"footnotes":""},"categories":[2,9161],"tags":[9105,9644],"class_list":{"0":"post-29491","1":"post","2":"type-post","3":"status-publish","4":"format-standard","6":"category-noticias","7":"category-rielesagencia","8":"tag-actualidad","9":"tag-news"},"_links":{"self":[{"href":"https:\/\/www.rieles.com\/front\/wp-json\/wp\/v2\/posts\/29491","targetHints":{"allow":["GET"]}}],"collection":[{"href":"https:\/\/www.rieles.com\/front\/wp-json\/wp\/v2\/posts"}],"about":[{"href":"https:\/\/www.rieles.com\/front\/wp-json\/wp\/v2\/types\/post"}],"author":[{"embeddable":true,"href":"https:\/\/www.rieles.com\/front\/wp-json\/wp\/v2\/users\/1"}],"replies":[{"embeddable":true,"href":"https:\/\/www.rieles.com\/front\/wp-json\/wp\/v2\/comments?post=29491"}],"version-history":[{"count":1,"href":"https:\/\/www.rieles.com\/front\/wp-json\/wp\/v2\/posts\/29491\/revisions"}],"predecessor-version":[{"id":29492,"href":"https:\/\/www.rieles.com\/front\/wp-json\/wp\/v2\/posts\/29491\/revisions\/29492"}],"wp:attachment":[{"href":"https:\/\/www.rieles.com\/front\/wp-json\/wp\/v2\/media?parent=29491"}],"wp:term":[{"taxonomy":"category","embeddable":true,"href":"https:\/\/www.rieles.com\/front\/wp-json\/wp\/v2\/categories?post=29491"},{"taxonomy":"post_tag","embeddable":true,"href":"https:\/\/www.rieles.com\/front\/wp-json\/wp\/v2\/tags?post=29491"}],"curies":[{"name":"wp","href":"https:\/\/api.w.org\/{rel}","templated":true}]}}