{"id":29493,"date":"2015-09-29T15:46:52","date_gmt":"2015-09-29T18:46:52","guid":{"rendered":"http:\/\/www.rieles.com\/front\/?p=29493"},"modified":"2015-09-29T15:46:52","modified_gmt":"2015-09-29T18:46:52","slug":"estado-presente-sobre-rieles","status":"publish","type":"post","link":"https:\/\/www.rieles.com\/front\/estado-presente-sobre-rieles\/","title":{"rendered":"Estado presente, \u201cSobre rieles\u201d"},"content":{"rendered":"<p>La Direcci\u00f3n Nacional de Dispositivos Territoriales M\u00f3viles, comparti\u00f3 un cap\u00edtulo de Historias de Inclusi\u00f3n del Estado Presente.<\/p>\n<p>Este cap\u00edtulo se titula, \u201cSobre Rieles\u201d, en el cual, los Trenes de Desarrollo Social y Sanitario Dr Ram\u00f3n Carrillo y Eva Per\u00f3n fueron parte de ese documental que se emiti\u00f3 por la TV P\u00fablica.<\/p>\n<p>Este episodio narra la historia de un legendario tren que recorre estaciones abandonadas de Salta y Jujuy brindando servicios sociales y sanitarios.<\/p>\n<p>Este documental muestra el trabajo realizado por Desarrollo Social junto a seis comunidades del impenetrable chaque\u00f1o, quienes contar\u00e1n con nuevas viviendas. De este modo, el Estado dice presente para garantizar sus derechos.<\/p>\n<p>Link video: <a href=\"https:\/\/youtu.be\/2P7xfkEwSLw\">https:\/\/youtu.be\/2P7xfkEwSLw<\/a><\/p>\n<p style=\"text-align: justify;\"><span style=\"color: #ff0000;\">Agencia Rieles<\/span><\/p>\n","protected":false},"excerpt":{"rendered":"<p>La Direcci\u00f3n Nacional de Dispositivos Territoriales M\u00f3viles, comparti\u00f3 un cap\u00edtulo de Historias de Inclusi\u00f3n del Estado Presente. Este cap\u00edtulo se titula, \u201cSobre Rieles\u201d, en el cual, los Trenes de Desarrollo Social y Sanitario Dr Ram\u00f3n Carrillo y Eva Per\u00f3n fueron parte de ese documental que se emiti\u00f3 por la TV P\u00fablica. Este episodio narra la [&hellip;]<\/p>\n","protected":false},"author":1,"featured_media":0,"comment_status":"open","ping_status":"open","sticky":false,"template":"","format":"standard","meta":{"footnotes":""},"categories":[2,9161],"tags":[9105,9644],"class_list":{"0":"post-29493","1":"post","2":"type-post","3":"status-publish","4":"format-standard","6":"category-noticias","7":"category-rielesagencia","8":"tag-actualidad","9":"tag-news"},"_links":{"self":[{"href":"https:\/\/www.rieles.com\/front\/wp-json\/wp\/v2\/posts\/29493","targetHints":{"allow":["GET"]}}],"collection":[{"href":"https:\/\/www.rieles.com\/front\/wp-json\/wp\/v2\/posts"}],"about":[{"href":"https:\/\/www.rieles.com\/front\/wp-json\/wp\/v2\/types\/post"}],"author":[{"embeddable":true,"href":"https:\/\/www.rieles.com\/front\/wp-json\/wp\/v2\/users\/1"}],"replies":[{"embeddable":true,"href":"https:\/\/www.rieles.com\/front\/wp-json\/wp\/v2\/comments?post=29493"}],"version-history":[{"count":1,"href":"https:\/\/www.rieles.com\/front\/wp-json\/wp\/v2\/posts\/29493\/revisions"}],"predecessor-version":[{"id":29494,"href":"https:\/\/www.rieles.com\/front\/wp-json\/wp\/v2\/posts\/29493\/revisions\/29494"}],"wp:attachment":[{"href":"https:\/\/www.rieles.com\/front\/wp-json\/wp\/v2\/media?parent=29493"}],"wp:term":[{"taxonomy":"category","embeddable":true,"href":"https:\/\/www.rieles.com\/front\/wp-json\/wp\/v2\/categories?post=29493"},{"taxonomy":"post_tag","embeddable":true,"href":"https:\/\/www.rieles.com\/front\/wp-json\/wp\/v2\/tags?post=29493"}],"curies":[{"name":"wp","href":"https:\/\/api.w.org\/{rel}","templated":true}]}}