{"id":33613,"date":"2015-11-19T13:07:05","date_gmt":"2015-11-19T16:07:05","guid":{"rendered":"http:\/\/www.rieles.com\/front\/?p=33613"},"modified":"2015-11-19T13:07:05","modified_gmt":"2015-11-19T16:07:05","slug":"chile-no-mas-multas-metro-incentivara-a-que-usuarios-tomen-fotografias","status":"publish","type":"post","link":"https:\/\/www.rieles.com\/front\/chile-no-mas-multas-metro-incentivara-a-que-usuarios-tomen-fotografias\/","title":{"rendered":"Chile: No m\u00e1s multas, Metro incentivar\u00e1 a que usuarios tomen fotograf\u00edas"},"content":{"rendered":"<p>Recordado es el caso de Pablo Larenas: un joven que hace tres meses tom\u00f3 y public\u00f3 en las redes sociales una fotograf\u00eda del atochamiento de la Estaci\u00f3n de Metro Baquedano. Esa acci\u00f3n conllev\u00f3 una citaci\u00f3n a los juzgados por parte de Carabineros. Esto porque hasta ahora estaba prohibido \u201ctomar vistas fotogr\u00e1ficas, cinematogr\u00e1ficas o televisivas, de cualquier instalaci\u00f3n (fija o m\u00f3vil) o de los recintos de la Red de Metro, sin autorizaci\u00f3n escrita de la Direcci\u00f3n General de Metro\u201d, seg\u00fan dice el Reglamento Interno de Metro de Santiago.<\/p>\n<p>Sin embargo esta situaci\u00f3n no se volver\u00e1 a repetir. Esto porque el Metro de Santiago cambiar\u00e1 las reglas del juego: ya no estar\u00e1 prohibido tomar fotograf\u00edas y se iniciar\u00e1 una campa\u00f1a para incentivar que los usuarios hagan y denuncien irregularidades.<\/p>\n<p>La idea es que los usuarios tomen las fotograf\u00edas y las compartan a trav\u00e9s de las cuentas de Facebook y Twitter de la empresa.<\/p>\n<p>\u00bfQu\u00e9 fotografiar? Se invita a que saquen sus celulares cada vez que ven espacios sucios, con poca iluminaci\u00f3n, si hay cantantes o vendedores ambulantes.<\/p>\n<p>De esta forma se espera modificar el reglamento, pero a\u00fan seguir\u00e1n v\u00e1lidas la decenas de otras prohibiciones que mantiene el tren subterr\u00e1neo. \u00bfNo sabes cu\u00e1les son? <a href=\"http:\/\/www.civico.com\/santiago\/noticias\/cuales-son-las-prohibiciones-en-el-metro-de-santiago\/\">Rev\u00edsalo ac\u00e1<\/a><\/p>\n<p style=\"text-align: justify;\"><span style=\"color: #ff0000;\"><a href=\"http:\/\/www.civico.com\/santiago\/noticias\/no-mas-multas-metro-incentivara-a-que-usuarios-tomen-fotografias\">C\u00edvico<\/a><\/span><\/p>\n","protected":false},"excerpt":{"rendered":"<p>Recordado es el caso de Pablo Larenas: un joven que hace tres meses tom\u00f3 y public\u00f3 en las redes sociales una fotograf\u00eda del atochamiento de la Estaci\u00f3n de Metro Baquedano. Esa acci\u00f3n conllev\u00f3 una citaci\u00f3n a los juzgados por parte de Carabineros. Esto porque hasta ahora estaba prohibido \u201ctomar vistas fotogr\u00e1ficas, cinematogr\u00e1ficas o televisivas, de [&hellip;]<\/p>\n","protected":false},"author":1,"featured_media":0,"comment_status":"closed","ping_status":"open","sticky":false,"template":"","format":"standard","meta":{"footnotes":""},"categories":[5,2],"tags":[9644],"class_list":{"0":"post-33613","1":"post","2":"type-post","3":"status-publish","4":"format-standard","6":"category-internacionales","7":"category-noticias","8":"tag-news"},"_links":{"self":[{"href":"https:\/\/www.rieles.com\/front\/wp-json\/wp\/v2\/posts\/33613","targetHints":{"allow":["GET"]}}],"collection":[{"href":"https:\/\/www.rieles.com\/front\/wp-json\/wp\/v2\/posts"}],"about":[{"href":"https:\/\/www.rieles.com\/front\/wp-json\/wp\/v2\/types\/post"}],"author":[{"embeddable":true,"href":"https:\/\/www.rieles.com\/front\/wp-json\/wp\/v2\/users\/1"}],"replies":[{"embeddable":true,"href":"https:\/\/www.rieles.com\/front\/wp-json\/wp\/v2\/comments?post=33613"}],"version-history":[{"count":1,"href":"https:\/\/www.rieles.com\/front\/wp-json\/wp\/v2\/posts\/33613\/revisions"}],"predecessor-version":[{"id":33614,"href":"https:\/\/www.rieles.com\/front\/wp-json\/wp\/v2\/posts\/33613\/revisions\/33614"}],"wp:attachment":[{"href":"https:\/\/www.rieles.com\/front\/wp-json\/wp\/v2\/media?parent=33613"}],"wp:term":[{"taxonomy":"category","embeddable":true,"href":"https:\/\/www.rieles.com\/front\/wp-json\/wp\/v2\/categories?post=33613"},{"taxonomy":"post_tag","embeddable":true,"href":"https:\/\/www.rieles.com\/front\/wp-json\/wp\/v2\/tags?post=33613"}],"curies":[{"name":"wp","href":"https:\/\/api.w.org\/{rel}","templated":true}]}}