{"id":34225,"date":"2015-11-24T12:11:24","date_gmt":"2015-11-24T15:11:24","guid":{"rendered":"http:\/\/www.rieles.com\/front\/?p=34225"},"modified":"2015-11-24T12:11:24","modified_gmt":"2015-11-24T15:11:24","slug":"estados-unidos-un-tren-decorado-con-motivos-navidenos-empezo-a-circular-en-chicago-y-seguira-su-travesia-hasta-el-23-de-diciembre","status":"publish","type":"post","link":"https:\/\/www.rieles.com\/front\/estados-unidos-un-tren-decorado-con-motivos-navidenos-empezo-a-circular-en-chicago-y-seguira-su-travesia-hasta-el-23-de-diciembre\/","title":{"rendered":"Estados Unidos: Un tren decorado con motivos navide\u00f1os empez\u00f3 a circular en Chicago, y seguir\u00e1 su traves\u00eda hasta el 23 de diciembre"},"content":{"rendered":"<p>CHICAGO \u2014 La Autoridad de transporte p\u00fablico de Chicago indicaron que un tren decorado con motivos navide\u00f1os empez\u00f3 a circular el pasado fin de semana y continuar\u00e1 hasta el 23 de diciembre.<\/p>\n<p>El tren compuesto por seis vagones con luces y decoraciones navide\u00f1as, que incluye a Santa Claus, circular\u00e1 en las ocho l\u00edneas de la Autoridad de Tr\u00e1nsito de Chicago (CTA).<\/p>\n<p>El tren empez\u00f3 su traves\u00eda en la L\u00ednea Roja de CTA. El tren es auspiciado por la empresa Sprint a un costo de $300,000, seg\u00fan CTA.<\/p>\n<p>Para revisar los horarios y estaciones en donde circular\u00e1 el tren, visite este enlace.<\/p>\n<p>Un autob\u00fas tambi\u00e9n decorado para la Navidad empezar\u00e1 a circular a partir del 2 de diciembre.<\/p>\n<p>Para revisar los horarios y rutas del autob\u00fas, visite este enlace.<\/p>\n<p>Se trata de un autob\u00fas de 60 pies de longitud, decorado con motivos navide\u00f1os, que circular\u00e1 en varias rutas de CTA hasta el 23 de diciembre.<\/p>\n<p><a href=\"http:\/\/www.vivelohoy.com\/noticias\/8504106\/transporte-publico-se-viste-de-navidad\">V\u00edvelo Hoy<\/a><\/p>\n","protected":false},"excerpt":{"rendered":"<p>CHICAGO \u2014 La Autoridad de transporte p\u00fablico de Chicago indicaron que un tren decorado con motivos navide\u00f1os empez\u00f3 a circular el pasado fin de semana y continuar\u00e1 hasta el 23 de diciembre. El tren compuesto por seis vagones con luces y decoraciones navide\u00f1as, que incluye a Santa Claus, circular\u00e1 en las ocho l\u00edneas de la [&hellip;]<\/p>\n","protected":false},"author":1,"featured_media":0,"comment_status":"closed","ping_status":"open","sticky":false,"template":"","format":"standard","meta":{"footnotes":""},"categories":[5,2],"tags":[9644],"class_list":{"0":"post-34225","1":"post","2":"type-post","3":"status-publish","4":"format-standard","6":"category-internacionales","7":"category-noticias","8":"tag-news"},"_links":{"self":[{"href":"https:\/\/www.rieles.com\/front\/wp-json\/wp\/v2\/posts\/34225","targetHints":{"allow":["GET"]}}],"collection":[{"href":"https:\/\/www.rieles.com\/front\/wp-json\/wp\/v2\/posts"}],"about":[{"href":"https:\/\/www.rieles.com\/front\/wp-json\/wp\/v2\/types\/post"}],"author":[{"embeddable":true,"href":"https:\/\/www.rieles.com\/front\/wp-json\/wp\/v2\/users\/1"}],"replies":[{"embeddable":true,"href":"https:\/\/www.rieles.com\/front\/wp-json\/wp\/v2\/comments?post=34225"}],"version-history":[{"count":1,"href":"https:\/\/www.rieles.com\/front\/wp-json\/wp\/v2\/posts\/34225\/revisions"}],"predecessor-version":[{"id":34227,"href":"https:\/\/www.rieles.com\/front\/wp-json\/wp\/v2\/posts\/34225\/revisions\/34227"}],"wp:attachment":[{"href":"https:\/\/www.rieles.com\/front\/wp-json\/wp\/v2\/media?parent=34225"}],"wp:term":[{"taxonomy":"category","embeddable":true,"href":"https:\/\/www.rieles.com\/front\/wp-json\/wp\/v2\/categories?post=34225"},{"taxonomy":"post_tag","embeddable":true,"href":"https:\/\/www.rieles.com\/front\/wp-json\/wp\/v2\/tags?post=34225"}],"curies":[{"name":"wp","href":"https:\/\/api.w.org\/{rel}","templated":true}]}}