{"id":35502,"date":"2015-12-10T13:53:15","date_gmt":"2015-12-10T16:53:15","guid":{"rendered":"http:\/\/www.rieles.com\/front\/?p=35502"},"modified":"2015-12-10T13:53:15","modified_gmt":"2015-12-10T16:53:15","slug":"reemplazaran-el-puente-por-donde-circulaba-el-tren-de-las-nubes","status":"publish","type":"post","link":"https:\/\/www.rieles.com\/front\/reemplazaran-el-puente-por-donde-circulaba-el-tren-de-las-nubes\/","title":{"rendered":"Reemplazar\u00e1n el puente por donde circulaba el Tren de las Nubes"},"content":{"rendered":"<p>El gobierno de Salta inici\u00f3 las gestiones para el cambio de un puente ferroviario por el que circula el Tren a las Nubes, ubicado en Villa Los Sauces, de la ciudad de Salta, que el s\u00e1bado pasado se desplom\u00f3 debido a las intensas lluvias.<\/p>\n<p>Los secretarios de Obras P\u00fablicas, Sergio Zorpudes, y de Recursos H\u00eddricos, Alfredo Fuertes, junto a la subsecretaria de Asistencia Cr\u00edtica y Emergencia Social, Edith Cruz, realizaron el monitoreo de la zona donde colaps\u00f3 el puente, a pocos kil\u00f3metros de la estaci\u00f3n capitalina de donde sale el Tren a las Nubes.<\/p>\n<p>En el lugar, Fuertes confirm\u00f3 que la creciente del r\u00edo Arias socav\u00f3 las bases del puente y eso motiv\u00f3 la ca\u00edda, y Zorpudes precis\u00f3 que ya se iniciaron las gestiones para su reemplazo.<\/p>\n<p>El puente colaps\u00f3 el s\u00e1bado pasado, momentos despu\u00e9s del paso del Tren a las Nubes, que llevaba 172 pasajeros hacia la Puna salte\u00f1a, por lo que ya no pudo salir el domingo, cuando ten\u00eda programado el \u00faltimo viaje de la temporada 2015.<\/p>\n<p>Zorpudes destac\u00f3 la oportuna construcci\u00f3n, hace tres a\u00f1os, de un puente peatonal a la par del ferroviario para permitir el paso de vecinos entre el barrio Sarmiento y Villa Los Sauces, en el sudoeste de la capital provincial, puso fin a la costumbre de cruzar por el puente ferroviario.<\/p>\n<p>El titular de Obras P\u00fablicas indic\u00f3 que se puso en comunicaci\u00f3n con directivos del ferrocarril, quienes adelantaron que la reconstrucci\u00f3n del puente comenzar\u00e1 de manera inmediata.<\/p>\n<p>Devoluci\u00f3n de pasajes<\/p>\n<p>A los pasajeros que hab\u00edan adquirido el boleto para la salida del domingo, que fue suspendida, se les devolver\u00e1 el costo de la excursi\u00f3n por el mismo medio que contrataron y se les brindar\u00e1 la opci\u00f3n de realizar la excursi\u00f3n en combis.<\/p>\n<p><a href=\"http:\/\/www.notitrans.com\/nota\/136578\/reemplazaran-el-puente-por-donde-circulaba-el-tren-de-las-nubes\">Notitrans<\/a><\/p>\n","protected":false},"excerpt":{"rendered":"<p>El gobierno de Salta inici\u00f3 las gestiones para el cambio de un puente ferroviario por el que circula el Tren a las Nubes, ubicado en Villa Los Sauces, de la ciudad de Salta, que el s\u00e1bado pasado se desplom\u00f3 debido a las intensas lluvias. Los secretarios de Obras P\u00fablicas, Sergio Zorpudes, y de Recursos H\u00eddricos, [&hellip;]<\/p>\n","protected":false},"author":1,"featured_media":0,"comment_status":"closed","ping_status":"open","sticky":false,"template":"","format":"standard","meta":{"footnotes":""},"categories":[4,2],"tags":[9105,9644],"class_list":{"0":"post-35502","1":"post","2":"type-post","3":"status-publish","4":"format-standard","6":"category-nacionales","7":"category-noticias","8":"tag-actualidad","9":"tag-news"},"_links":{"self":[{"href":"https:\/\/www.rieles.com\/front\/wp-json\/wp\/v2\/posts\/35502","targetHints":{"allow":["GET"]}}],"collection":[{"href":"https:\/\/www.rieles.com\/front\/wp-json\/wp\/v2\/posts"}],"about":[{"href":"https:\/\/www.rieles.com\/front\/wp-json\/wp\/v2\/types\/post"}],"author":[{"embeddable":true,"href":"https:\/\/www.rieles.com\/front\/wp-json\/wp\/v2\/users\/1"}],"replies":[{"embeddable":true,"href":"https:\/\/www.rieles.com\/front\/wp-json\/wp\/v2\/comments?post=35502"}],"version-history":[{"count":1,"href":"https:\/\/www.rieles.com\/front\/wp-json\/wp\/v2\/posts\/35502\/revisions"}],"predecessor-version":[{"id":35503,"href":"https:\/\/www.rieles.com\/front\/wp-json\/wp\/v2\/posts\/35502\/revisions\/35503"}],"wp:attachment":[{"href":"https:\/\/www.rieles.com\/front\/wp-json\/wp\/v2\/media?parent=35502"}],"wp:term":[{"taxonomy":"category","embeddable":true,"href":"https:\/\/www.rieles.com\/front\/wp-json\/wp\/v2\/categories?post=35502"},{"taxonomy":"post_tag","embeddable":true,"href":"https:\/\/www.rieles.com\/front\/wp-json\/wp\/v2\/tags?post=35502"}],"curies":[{"name":"wp","href":"https:\/\/api.w.org\/{rel}","templated":true}]}}