{"id":35504,"date":"2015-12-10T13:58:04","date_gmt":"2015-12-10T16:58:04","guid":{"rendered":"http:\/\/www.rieles.com\/front\/?p=35504"},"modified":"2015-12-10T13:58:04","modified_gmt":"2015-12-10T16:58:04","slug":"comienzan-las-ultimas-pruebas-del-servicio-electrico-del-tren-roca","status":"publish","type":"post","link":"https:\/\/www.rieles.com\/front\/comienzan-las-ultimas-pruebas-del-servicio-electrico-del-tren-roca\/","title":{"rendered":"Comienzan las \u00faltimas pruebas del servicio el\u00e9ctrico del Tren Roca"},"content":{"rendered":"<p>Durante el discurso dado en la estaci\u00f3n de Don Bosco con motivo de la inauguraci\u00f3n de las obras de la L\u00ednea Roca, Cristina Fern\u00e1ndez de Kirchner hab\u00eda anunciado que el pr\u00f3ximo lunes se pondr\u00e1 en funcionamiento las nuevas formaciones 0 km. Para avanzar con ese objetivo, hoy se har\u00e1n los \u00faltimos testeos entre las estaciones Constituci\u00f3n y Quilmes. Los coches correr\u00e1n en tiempo real para ajustar barreras y estaciones.<\/p>\n<p>Adem\u00e1s la presidente afirm\u00f3 que la pr\u00f3xima semana van a probarse las formaciones para que el tren el\u00e9ctrico comience a funcionar el lunes 14 de diciembre, con una frecuencia de 18 minutos. El 15 de enero se espera que el tren llegue a Berazategui, el 15 de febrero a City Bell y el 30 de marzo finalmente a la ciudad de La Plata, finalizando el recorrido.<\/p>\n<p><a href=\"http:\/\/www.radiofmq.com\/detalle.php?articulo=Comienzan%20las%20%FAltimas%20pruebas%20del%20servicio%20el%E9ctrico%20del%20Tren%20Roca&amp;tipo=1&amp;documento=66567&amp;sistema=fmq\">Radio FMQ<\/a><\/p>\n","protected":false},"excerpt":{"rendered":"<p>Durante el discurso dado en la estaci\u00f3n de Don Bosco con motivo de la inauguraci\u00f3n de las obras de la L\u00ednea Roca, Cristina Fern\u00e1ndez de Kirchner hab\u00eda anunciado que el pr\u00f3ximo lunes se pondr\u00e1 en funcionamiento las nuevas formaciones 0 km. Para avanzar con ese objetivo, hoy se har\u00e1n los \u00faltimos testeos entre las estaciones [&hellip;]<\/p>\n","protected":false},"author":1,"featured_media":0,"comment_status":"closed","ping_status":"open","sticky":false,"template":"","format":"standard","meta":{"footnotes":""},"categories":[4,2],"tags":[9105,9644],"class_list":{"0":"post-35504","1":"post","2":"type-post","3":"status-publish","4":"format-standard","6":"category-nacionales","7":"category-noticias","8":"tag-actualidad","9":"tag-news"},"_links":{"self":[{"href":"https:\/\/www.rieles.com\/front\/wp-json\/wp\/v2\/posts\/35504","targetHints":{"allow":["GET"]}}],"collection":[{"href":"https:\/\/www.rieles.com\/front\/wp-json\/wp\/v2\/posts"}],"about":[{"href":"https:\/\/www.rieles.com\/front\/wp-json\/wp\/v2\/types\/post"}],"author":[{"embeddable":true,"href":"https:\/\/www.rieles.com\/front\/wp-json\/wp\/v2\/users\/1"}],"replies":[{"embeddable":true,"href":"https:\/\/www.rieles.com\/front\/wp-json\/wp\/v2\/comments?post=35504"}],"version-history":[{"count":1,"href":"https:\/\/www.rieles.com\/front\/wp-json\/wp\/v2\/posts\/35504\/revisions"}],"predecessor-version":[{"id":35506,"href":"https:\/\/www.rieles.com\/front\/wp-json\/wp\/v2\/posts\/35504\/revisions\/35506"}],"wp:attachment":[{"href":"https:\/\/www.rieles.com\/front\/wp-json\/wp\/v2\/media?parent=35504"}],"wp:term":[{"taxonomy":"category","embeddable":true,"href":"https:\/\/www.rieles.com\/front\/wp-json\/wp\/v2\/categories?post=35504"},{"taxonomy":"post_tag","embeddable":true,"href":"https:\/\/www.rieles.com\/front\/wp-json\/wp\/v2\/tags?post=35504"}],"curies":[{"name":"wp","href":"https:\/\/api.w.org\/{rel}","templated":true}]}}