{"id":35614,"date":"2015-12-14T14:20:35","date_gmt":"2015-12-14T17:20:35","guid":{"rendered":"http:\/\/www.rieles.com\/front\/?p=35614"},"modified":"2015-12-14T14:20:35","modified_gmt":"2015-12-14T17:20:35","slug":"mexico-rehabilitaran-flota-de-139-trenes-del-metro","status":"publish","type":"post","link":"https:\/\/www.rieles.com\/front\/mexico-rehabilitaran-flota-de-139-trenes-del-metro\/","title":{"rendered":"M\u00e9xico: Rehabilitar\u00e1n flota de 139 trenes del Metro"},"content":{"rendered":"<p class=\"letter-capitular\">A partir de 2016, los trenes de las l\u00edneas 1, 2 y 3 del Metro comenzar\u00e1n un proceso de rehabilitaci\u00f3n con el objetivo de que el Sistema de Transporte Colectivo (STC) garantice su \u00f3ptima operaci\u00f3n.<\/p>\n<p>El proyecto requerir\u00e1 de alrededor de seis mil millones de pesos con los que se buscar\u00e1 poner a punto una flota de 139 trenes de rodadura neum\u00e1tica, detall\u00f3 Jorge Gavi\u00f1o, director del STC.<\/p>\n<p>Se prev\u00e9 un plan a tres a\u00f1os, mismo que comenzar\u00e1 con la atenci\u00f3n de 45 trenes modelo NM-02; de \u00e9stos, 40 operan en la L2 y cinco en la L7, cuya licitaci\u00f3n se publicar\u00e1 antes de que concluya el a\u00f1o.<\/p>\n<p>\u201cEstaremos tambi\u00e9n lanzando la convocatoria para los trenes de las l\u00edneas 1 y 3, de manera que estemos garantizando que el material rodante quede en \u00f3ptimas condiciones al terminar el sexenio\u201d, asegur\u00f3 el director del Metro.<\/p>\n<p>\u201cTenemos en reparaci\u00f3n 85 trenes. Vamos a recibir en enero el primer tren reparado\u201d, dijo.<\/p>\n<p>El Metro tambi\u00e9n anunci\u00f3 que entre 2016 y 2020 comprar\u00e1 60 trenes que se destinar\u00e1n para el servicio de las l\u00edneas 1, 9, 12, A y B.<\/p>\n<p><span style=\"color: #ff0000;\"><a href=\"http:\/\/www.excelsior.com.mx\/comunidad\/2015\/12\/13\/1063082\" target=\"_blank\">Excelsior<\/a><\/span><\/p>\n","protected":false},"excerpt":{"rendered":"<p>A partir de 2016, los trenes de las l\u00edneas 1, 2 y 3 del Metro comenzar\u00e1n un proceso de rehabilitaci\u00f3n con el objetivo de que el Sistema de Transporte Colectivo (STC) garantice su \u00f3ptima operaci\u00f3n. El proyecto requerir\u00e1 de alrededor de seis mil millones de pesos con los que se buscar\u00e1 poner a punto una [&hellip;]<\/p>\n","protected":false},"author":1,"featured_media":0,"comment_status":"closed","ping_status":"open","sticky":false,"template":"","format":"standard","meta":{"footnotes":""},"categories":[5],"tags":[9644],"class_list":["post-35614","post","type-post","status-publish","format-standard","category-internacionales","tag-news"],"_links":{"self":[{"href":"https:\/\/www.rieles.com\/front\/wp-json\/wp\/v2\/posts\/35614","targetHints":{"allow":["GET"]}}],"collection":[{"href":"https:\/\/www.rieles.com\/front\/wp-json\/wp\/v2\/posts"}],"about":[{"href":"https:\/\/www.rieles.com\/front\/wp-json\/wp\/v2\/types\/post"}],"author":[{"embeddable":true,"href":"https:\/\/www.rieles.com\/front\/wp-json\/wp\/v2\/users\/1"}],"replies":[{"embeddable":true,"href":"https:\/\/www.rieles.com\/front\/wp-json\/wp\/v2\/comments?post=35614"}],"version-history":[{"count":1,"href":"https:\/\/www.rieles.com\/front\/wp-json\/wp\/v2\/posts\/35614\/revisions"}],"predecessor-version":[{"id":35616,"href":"https:\/\/www.rieles.com\/front\/wp-json\/wp\/v2\/posts\/35614\/revisions\/35616"}],"wp:attachment":[{"href":"https:\/\/www.rieles.com\/front\/wp-json\/wp\/v2\/media?parent=35614"}],"wp:term":[{"taxonomy":"category","embeddable":true,"href":"https:\/\/www.rieles.com\/front\/wp-json\/wp\/v2\/categories?post=35614"},{"taxonomy":"post_tag","embeddable":true,"href":"https:\/\/www.rieles.com\/front\/wp-json\/wp\/v2\/tags?post=35614"}],"curies":[{"name":"wp","href":"https:\/\/api.w.org\/{rel}","templated":true}]}}