{"id":35620,"date":"2015-12-14T14:26:08","date_gmt":"2015-12-14T17:26:08","guid":{"rendered":"http:\/\/www.rieles.com\/front\/?p=35620"},"modified":"2015-12-14T14:26:08","modified_gmt":"2015-12-14T17:26:08","slug":"costa-rica-tren-de-carga-a-limon-se-alista-para-operar-en-primer-trimestre-del-2016","status":"publish","type":"post","link":"https:\/\/www.rieles.com\/front\/costa-rica-tren-de-carga-a-limon-se-alista-para-operar-en-primer-trimestre-del-2016\/","title":{"rendered":"Costa Rica: Tren de carga a Lim\u00f3n se alista para operar en primer trimestre del 2016"},"content":{"rendered":"<p>La construcci\u00f3n de la Terminal de Contenedores de Mo\u00edn (TCM) motiv\u00f3 a la actual administraci\u00f3n a reactivar el servicio.<\/p>\n<p>Para transportar materiales necesarios en esta obra, entrar\u00edan a operar unos 20 carros planos del ferrocarril, lo equivalente al desplazamiento de 20 contenedores v\u00eda terrestre.<\/p>\n<p>Por ello, en una etapa de prueba el tren de carga servir\u00eda para el traslado de materiales de construcci\u00f3n.<\/p>\n<p>Seg\u00fan estimaciones del Instituto Costarricense de Ferrocarriles (Incofer), por cada 250.000 toneladas de roca que se deban transportar a Mo\u00edn, se deben utilizar 8.900 camiones, contra unos 167 trenes de m\u00e1ximo tama\u00f1o.<\/p>\n<p>Una vez superada esta prueba, e iniciando operaciones la TCM, el servicio pasar\u00eda a mover carga de exportaci\u00f3n.<\/p>\n<p>Eso s\u00ed, pasar\u00edan al menos dos a\u00f1os para que esto suceda.<\/p>\n<p>De acuerdo con Guillermo Santana, presidente del Incofer, una vez probada la capacidad de la ruta, el Gobierno pretende dejar adelantada las negociaciones para extender la v\u00eda al menos 60 kil\u00f3metros m\u00e1s. Esto permitir\u00eda cubrir un desplazamiento desde R\u00edo Fr\u00edo hasta Lim\u00f3n.<\/p>\n<p>Un especialista en planificaci\u00f3n estrat\u00e9gica y desarrollo de empresas ferroviarias ser\u00e1 quien evaluar\u00e1 la viabilidad del proyecto.<\/p>\n<p>El profesional ya fue contratado con un costo de $300.000. Una transacci\u00f3n que Santana debi\u00f3 defender ante los diputados de la Comisi\u00f3n de Control Ingreso y Gasto P\u00fablico del Congreso, a pesar de que fue aprobada por la Contralor\u00eda General de la Rep\u00fablica.<\/p>\n<p>\u201cEstar\u00edamos ampliando la capacidad de carga. Esto ser\u00eda la primera fase de ese Canal Seco que tanto se ha hablado. Buscamos alcanzar un volumen de tr\u00e1nsito competitivo\u201d, coment\u00f3 Santana.<\/p>\n<p>Justificaci\u00f3n sin contras<\/p>\n<p>La necesidad de un tren de cargase justifica por el alto nivel de tr\u00e1fico de mercanc\u00edas que diariamente transita por las calles del pa\u00eds, debido a la alta producci\u00f3n de bienes, en su gran parte agr\u00edcolas.<\/p>\n<p>Seg\u00fan cifras de la C\u00e1mara de Exportadores de Costa Rica (Cadexco), en el 2014 Costa Rica export\u00f3 desde la Zona Huetar Norte un valor total de $985 millones (1.896.568 toneladas) hacia 77 destinos alrededor del mundo.<\/p>\n<p>\u201cEstamos seguros de que si somos capaces de aumentar el volumen de trasporte de carga nos volvemos un pa\u00eds m\u00e1s competitivos y una econom\u00eda m\u00e1s abierta\u201d, a\u00f1adi\u00f3 el jerarca de Incofer.<\/p>\n<p>Por otra parte, la posibilidad de sumar una nueva ruta de acceso al Caribe, lejos de la Ruta 32, contin\u00faa con el listado de beneficios.<\/p>\n<p>El Instituto estim\u00f3 que con la reactivaci\u00f3n del tren, unos 53,5 camiones se sacar\u00edan de la ruta por cada 1.500 toneladas de material.<\/p>\n<p>Objeciones<\/p>\n<p>Cuando se pregunta si el tren de carga vendr\u00eda a abaratar los costos, surgen entonces las primeras dudas.<\/p>\n<p>Para la C\u00e1mara Nacional de Transportistas de Carga esta afirmaci\u00f3n es incierta y hasta temen que el tren se convierta en un flete adicional, a un precio mayor.<\/p>\n<p>Un estudio tarifario llegar\u00eda a regular tales montos y dar una luz en ese sentido, sin embargo se desconoce una fecha para su desarrollo.<\/p>\n<p>De esta forma, estar\u00eda en la capacidad con que el sector privado desarrolle su log\u00edstica, la clave.<\/p>\n<p>Hasta Lim\u00f3n<\/p>\n<p>Primera Etapa: El tren de carga se movilizar\u00eda desde Siquirres hasta Lim\u00f3n. Se calcula en 100 kil\u00f3metros la distancia recorrida.<\/p>\n<p>\u00bfQu\u00e9 transportar\u00eda?: Materiales de construcci\u00f3n como piedra, obtenida de tajos que se ubican a lo largo de la ruta a cubrir.<\/p>\n<p>Para qu\u00e9 se usar\u00eda: El tren transportar\u00eda material para la construcci\u00f3n de la Terminal de Contenedores de Mo\u00edn.<\/p>\n<p>Segunda Etapa: La ruta se extender\u00eda cerca de 60 kilom\u00e9tros para una ruta que se ir\u00eda desde R\u00edo Fr\u00edo hasta Lim\u00f3n.<\/p>\n<p>M\u00e1s carga: El tren pasar\u00eda a transportar contenedores con productos de exportaci\u00f3n, en su mayor\u00eda.<\/p>\n<p>Fuente Incofer.<\/p>\n<p><span style=\"color: #ff0000;\"><a href=\"http:\/\/www.elfinancierocr.com\/economia-y-politica\/tren_de_carga-limon-incofer_0_863913627.html\" target=\"_blank\">EF<\/a><\/span><\/p>\n","protected":false},"excerpt":{"rendered":"<p>La construcci\u00f3n de la Terminal de Contenedores de Mo\u00edn (TCM) motiv\u00f3 a la actual administraci\u00f3n a reactivar el servicio. Para transportar materiales necesarios en esta obra, entrar\u00edan a operar unos 20 carros planos del ferrocarril, lo equivalente al desplazamiento de 20 contenedores v\u00eda terrestre. Por ello, en una etapa de prueba el tren de carga [&hellip;]<\/p>\n","protected":false},"author":1,"featured_media":0,"comment_status":"closed","ping_status":"open","sticky":false,"template":"","format":"standard","meta":{"footnotes":""},"categories":[5],"tags":[9644],"class_list":["post-35620","post","type-post","status-publish","format-standard","category-internacionales","tag-news"],"_links":{"self":[{"href":"https:\/\/www.rieles.com\/front\/wp-json\/wp\/v2\/posts\/35620","targetHints":{"allow":["GET"]}}],"collection":[{"href":"https:\/\/www.rieles.com\/front\/wp-json\/wp\/v2\/posts"}],"about":[{"href":"https:\/\/www.rieles.com\/front\/wp-json\/wp\/v2\/types\/post"}],"author":[{"embeddable":true,"href":"https:\/\/www.rieles.com\/front\/wp-json\/wp\/v2\/users\/1"}],"replies":[{"embeddable":true,"href":"https:\/\/www.rieles.com\/front\/wp-json\/wp\/v2\/comments?post=35620"}],"version-history":[{"count":1,"href":"https:\/\/www.rieles.com\/front\/wp-json\/wp\/v2\/posts\/35620\/revisions"}],"predecessor-version":[{"id":35622,"href":"https:\/\/www.rieles.com\/front\/wp-json\/wp\/v2\/posts\/35620\/revisions\/35622"}],"wp:attachment":[{"href":"https:\/\/www.rieles.com\/front\/wp-json\/wp\/v2\/media?parent=35620"}],"wp:term":[{"taxonomy":"category","embeddable":true,"href":"https:\/\/www.rieles.com\/front\/wp-json\/wp\/v2\/categories?post=35620"},{"taxonomy":"post_tag","embeddable":true,"href":"https:\/\/www.rieles.com\/front\/wp-json\/wp\/v2\/tags?post=35620"}],"curies":[{"name":"wp","href":"https:\/\/api.w.org\/{rel}","templated":true}]}}