{"id":37316,"date":"2016-01-21T14:59:03","date_gmt":"2016-01-21T17:59:03","guid":{"rendered":"http:\/\/www.rieles.com\/front\/?p=37316"},"modified":"2016-01-21T15:47:52","modified_gmt":"2016-01-21T18:47:52","slug":"arroyo-reclamo-la-vuelta-del-tren-a-mar-del-plata-3","status":"publish","type":"post","link":"https:\/\/www.rieles.com\/front\/arroyo-reclamo-la-vuelta-del-tren-a-mar-del-plata-3\/","title":{"rendered":"Arroyo reclam\u00f3 la vuelta del tren a Mar del Plata"},"content":{"rendered":"<p>El intendente Carlos Fernando Arroyo le solicit\u00f3 al ministro de Infraestructura, Servicios P\u00fablicos y Transporte de la provincia de Buenos Aires, Edgardo Cenz\u00f3n, que intervenga ante Ferrobaires para recuperar el servicio de tren entre Mar del Plata y Constituci\u00f3n. El mismo pedido fue elevado a Guillermo Dietrich, ministro de Transporte de Naci\u00f3n.<\/p>\n<p>El jefe comunal busca \u201cuna pronta resoluci\u00f3n del problema, dada la importancia que tiene esta conexi\u00f3n para el plano econ\u00f3mico y tur\u00edstico del partido de General Pueyrredon\u201d.<\/p>\n<p>En este marco, Arroyo lament\u00f3 que \u201cMar del Plata no cuenta a la fecha con el servicio de ferrocarril entre la ciudad y Plaza Constituci\u00f3n a trav\u00e9s de la l\u00ednea General Roca\u201d y explic\u00f3 que \u201cello ha provocado una p\u00e9rdida importante de turistas que no desean viajar por ruta, como as\u00ed tambi\u00e9n la imposibilidad de transportar cargas de considerable peso a trav\u00e9s del ferrocarril\u201d.<\/p>\n<p>En la misma nota enviada al funcionario provincial, el Intendente record\u00f3 que \u201ca fines de la d\u00e9cada de los 50 y principios de los 60, Mar del Plata ten\u00eda m\u00e1s de once servicios diarios y hoy, en pleno siglo XXI, no cuenta con ninguno\u201d.<\/p>\n<p>Tambi\u00e9n explic\u00f3 que \u201cel impedimento actual para contar con por los menos un servicio diario es el estado del puente sobre el R\u00edo Salado\u201d, aunque, a partir de averiguaciones particulares, comprob\u00f3 que \u201cel r\u00edo creci\u00f3 m\u00e1s de tres metros con la \u00faltima inundaci\u00f3n, pero a trav\u00e9s del trabajo de buzos se pudo determinar que de las ocho bases, solo tres resultaron debilitadas y que de las mismas ya han sido reparadas a la fecha\u201d.<\/p>\n<p>Arroyo destac\u00f3 que \u201cseg\u00fan tengo conocimiento, se han hecho circular sobre el puente trenes de carga, en calidad de prueba, sin que se produjera ning\u00fan accidente\u201d.<\/p>\n<p>\u201cEstoy decidido a trabajar en todos los \u00e1mbitos por el \u00e9xito de la gesti\u00f3n de nuestra gobernadora Mar\u00eda Eugenia Vidal y, en tal sentido, creo que \u00e9ste es un tema fundamental que merece nuestra mayor consideraci\u00f3n\u201d, concluy\u00f3 el Jefe Comunal.<\/p>\n<p><a href=\"http:\/\/puntonoticias.com\/147584_arroyo-reclamo-la-vuelta-del-tren-a-mar-del-plata\/\" target=\"_blank\">Punto noticias<\/a><\/p>\n","protected":false},"excerpt":{"rendered":"<p>El intendente Carlos Fernando Arroyo le solicit\u00f3 al ministro de Infraestructura, Servicios P\u00fablicos y Transporte de la provincia de Buenos Aires, Edgardo Cenz\u00f3n, que intervenga ante Ferrobaires para recuperar el servicio de tren entre Mar del Plata y Constituci\u00f3n. El mismo pedido fue elevado a Guillermo Dietrich, ministro de Transporte de Naci\u00f3n. El jefe comunal [&hellip;]<\/p>\n","protected":false},"author":1,"featured_media":0,"comment_status":"closed","ping_status":"open","sticky":false,"template":"","format":"standard","meta":{"footnotes":""},"categories":[4],"tags":[10855,9644],"class_list":["post-37316","post","type-post","status-publish","format-standard","category-nacionales","tag-10855","tag-news"],"_links":{"self":[{"href":"https:\/\/www.rieles.com\/front\/wp-json\/wp\/v2\/posts\/37316","targetHints":{"allow":["GET"]}}],"collection":[{"href":"https:\/\/www.rieles.com\/front\/wp-json\/wp\/v2\/posts"}],"about":[{"href":"https:\/\/www.rieles.com\/front\/wp-json\/wp\/v2\/types\/post"}],"author":[{"embeddable":true,"href":"https:\/\/www.rieles.com\/front\/wp-json\/wp\/v2\/users\/1"}],"replies":[{"embeddable":true,"href":"https:\/\/www.rieles.com\/front\/wp-json\/wp\/v2\/comments?post=37316"}],"version-history":[{"count":2,"href":"https:\/\/www.rieles.com\/front\/wp-json\/wp\/v2\/posts\/37316\/revisions"}],"predecessor-version":[{"id":37332,"href":"https:\/\/www.rieles.com\/front\/wp-json\/wp\/v2\/posts\/37316\/revisions\/37332"}],"wp:attachment":[{"href":"https:\/\/www.rieles.com\/front\/wp-json\/wp\/v2\/media?parent=37316"}],"wp:term":[{"taxonomy":"category","embeddable":true,"href":"https:\/\/www.rieles.com\/front\/wp-json\/wp\/v2\/categories?post=37316"},{"taxonomy":"post_tag","embeddable":true,"href":"https:\/\/www.rieles.com\/front\/wp-json\/wp\/v2\/tags?post=37316"}],"curies":[{"name":"wp","href":"https:\/\/api.w.org\/{rel}","templated":true}]}}