{"id":40779,"date":"2016-03-24T15:12:02","date_gmt":"2016-03-24T18:12:02","guid":{"rendered":"http:\/\/www.rieles.com\/front\/?p=40779"},"modified":"2016-03-24T15:12:02","modified_gmt":"2016-03-24T18:12:02","slug":"colombia-otra-vez-grafiteros-pintan-el-metro","status":"publish","type":"post","link":"https:\/\/www.rieles.com\/front\/colombia-otra-vez-grafiteros-pintan-el-metro\/","title":{"rendered":"Colombia: Otra vez, grafiteros pintan el metro"},"content":{"rendered":"<p>Faltando unos minutos para las 3:00 de la madrugada del pasado mi\u00e9rcoles, se registr\u00f3 la imagen en los talleres del metro de Medell\u00edn en Bello, sitio al que arrib\u00f3 el vag\u00f3n del sistema de transporte masivo que fue objeto del vandalismo de un grupo no determinado de personas que lograron estampar un grafiti a un costado del mismo.<br \/>\nEl grupo, a\u00fan no determinado en n\u00famero, logr\u00f3 burlar el estricto esquema de seguridad del metro y tomarse el tiempo para pintar el tren en alg\u00fan punto entre las estaciones ubicadas en el norte del Valle de Aburr\u00e1.<br \/>\nA\u00fan no se sabe si fueron los mismos grafiteros que lograron, en similares circunstancias, pintar otro vag\u00f3n en la madrugada del pasado 6 de marzo, lo que levant\u00f3 la pol\u00e9mica e hizo que la Alcald\u00eda de Medell\u00edn y el mismo Metro prometieran el refuerzo de todas las medidas de seguridad, pues m\u00e1s grave que el acto de vandalismo es la violaci\u00f3n del que se considera el sistema de transporte m\u00e1s seguro del pa\u00eds.<br \/>\nDos fuentes consultadas afirmaron que el segundo \u2018ataque\u2019 grafitero en menos de un mes al metro ocurri\u00f3 en alg\u00fan momento de la noche del martes y la madrugada de ayer, despu\u00e9s del cierre del sistema y sin que se advirtiera del hecho a trav\u00e9s de los sistemas de seguridad adaptados a lo largo del tramo. \u201cNadie se dio cuenta\u201d, asegur\u00f3 una de las fuentes consultadas, a quien se le reserva su identidad por razones de seguridad.<br \/>\nConsultado el coronel Diego V\u00e1squez, comandante operativo de la Polic\u00eda Metropolitana, advirti\u00f3 el pasado mi\u00e9rcoles no conocer el incidente. En el mismo sentido, el Metro no se pronunci\u00f3 de manera oficial por el caso.<br \/>\nSe intent\u00f3 contactar a la gerente Claudia Restrepo, pero no fue posible. \u201cDadas las investigaciones que se vienen realizando a ra\u00edz del evento sucedido el 6 de marzo, cualquier pronunciamiento que hagamos puede interferir con el trabajo que se viene adelantando de la mano con la Polic\u00eda\u201d, afirm\u00f3 el Metro en un comunicado.<br \/>\nUna imagen obtenida en exclusiva por este medio permite ver las dimensiones del grafiti, sin embargo, no se permite descifrar en qu\u00e9 punto fue tomada.<br \/>\nA la foto, despu\u00e9s de ser analizada, no pudo detect\u00e1rsele ning\u00fan rasgo de montaje o trabajo de Photoshop.<br \/>\nDe hecho, es la tercera vez que el metro es v\u00edctima de las acciones de grafiteros clandestinos.<br \/>\nEn enero de 2014 tambi\u00e9n ocurri\u00f3. La fotograf\u00eda de un hombre con el rostro tapado y presunto autor del ray\u00f3n en la parte frontal del tren 058 se esparci\u00f3 por las redes sociales 10 meses despu\u00e9s del hecho, que hasta ese momento hab\u00eda permanecido en silencio. En la imagen se ve al hombre realizando gestos obscenos con la mano. El hecho ocurri\u00f3 en los talleres del metro.<br \/>\nLa foto se difundi\u00f3 en las cuentas de redes sociales de una reconocida comunidad de grafiteros llamada Kav Crew. En ese momento se responsabiliz\u00f3 a 2 j\u00f3venes oriundos de Bogot\u00e1.<br \/>\nDe los \u00faltimos 2 episodios en marzo, a\u00fan no se ha tenido un resultado en materia de capturas o judicializaciones. Los autores siguen siendo clandestinos.<br \/>\nSeg\u00fan revel\u00f3 el Metro, las reparaciones por el incidente del 6 de marzo tuvieron un costo de unos 50 millones de pesos, que, afirmaron las autoridades, deber\u00edan pagar los responsables, pero hasta ayer no hab\u00edan sido individualizados.<\/p>\n<p><a href=\"http:\/\/www.elcolombiano.com\/antioquia\/seguridad\/otra-vez-grafiteros-pintaron-el-metro-DI3802353\">El Colombiano<\/a><\/p>\n","protected":false},"excerpt":{"rendered":"<p>Faltando unos minutos para las 3:00 de la madrugada del pasado mi\u00e9rcoles, se registr\u00f3 la imagen en los talleres del metro de Medell\u00edn en Bello, sitio al que arrib\u00f3 el vag\u00f3n del sistema de transporte masivo que fue objeto del vandalismo de un grupo no determinado de personas que lograron estampar un grafiti a un [&hellip;]<\/p>\n","protected":false},"author":1,"featured_media":40780,"comment_status":"closed","ping_status":"open","sticky":false,"template":"","format":"standard","meta":{"footnotes":""},"categories":[5,2],"tags":[9644],"class_list":["post-40779","post","type-post","status-publish","format-standard","has-post-thumbnail","category-internacionales","category-noticias","tag-news"],"_links":{"self":[{"href":"https:\/\/www.rieles.com\/front\/wp-json\/wp\/v2\/posts\/40779","targetHints":{"allow":["GET"]}}],"collection":[{"href":"https:\/\/www.rieles.com\/front\/wp-json\/wp\/v2\/posts"}],"about":[{"href":"https:\/\/www.rieles.com\/front\/wp-json\/wp\/v2\/types\/post"}],"author":[{"embeddable":true,"href":"https:\/\/www.rieles.com\/front\/wp-json\/wp\/v2\/users\/1"}],"replies":[{"embeddable":true,"href":"https:\/\/www.rieles.com\/front\/wp-json\/wp\/v2\/comments?post=40779"}],"version-history":[{"count":1,"href":"https:\/\/www.rieles.com\/front\/wp-json\/wp\/v2\/posts\/40779\/revisions"}],"predecessor-version":[{"id":40781,"href":"https:\/\/www.rieles.com\/front\/wp-json\/wp\/v2\/posts\/40779\/revisions\/40781"}],"wp:featuredmedia":[{"embeddable":true,"href":"https:\/\/www.rieles.com\/front\/wp-json\/wp\/v2\/media\/40780"}],"wp:attachment":[{"href":"https:\/\/www.rieles.com\/front\/wp-json\/wp\/v2\/media?parent=40779"}],"wp:term":[{"taxonomy":"category","embeddable":true,"href":"https:\/\/www.rieles.com\/front\/wp-json\/wp\/v2\/categories?post=40779"},{"taxonomy":"post_tag","embeddable":true,"href":"https:\/\/www.rieles.com\/front\/wp-json\/wp\/v2\/tags?post=40779"}],"curies":[{"name":"wp","href":"https:\/\/api.w.org\/{rel}","templated":true}]}}